{"id":3244,"date":"2024-10-09T13:06:55","date_gmt":"2024-10-09T16:06:55","guid":{"rendered":"https:\/\/www.centrocapta.cl\/?p=3244"},"modified":"2024-10-09T13:06:57","modified_gmt":"2024-10-09T16:06:57","slug":"capta-logra-gran-convocatoria-en-charla-sobre-tecnologias-de-membrana-y-reutilizacion-de-agua","status":"publish","type":"post","link":"https:\/\/www.centrocapta.cl\/?p=3244","title":{"rendered":"CAPTA logra gran convocatoria en charla sobre tecnolog\u00edas de membrana y reutilizaci\u00f3n de agua"},"content":{"rendered":"\n<p class=\"has-text-align-left\">El Centro Avanzado para Tecnolog\u00edas del Agua (CAPTA) realiz\u00f3 con gran \u00e9xito la charla titulada \u201cMembrane technology and water reuse: Non-potable plus indirect and direct potable\u201d, la cual reuni\u00f3 a destacados expertos internacionales y a una nutrida comunidad h\u00eddrica para participar de la actividad.<\/p>\n\n\n\n<p class=\"has-text-align-left\">Este martes 8 de octubre en la Facultad de Ciencias F\u00edsicas y Matem\u00e1ticas (FCFM) de la Universidad de Chile, la actividad cont\u00f3 con la participaci\u00f3n de <strong>Ben Movahed<\/strong> y <strong>Zohreh Y. Movahed<\/strong>, reconocidos expertos en procesos de membranas y gesti\u00f3n del agua a nivel mundial. Los expositores compartieron sus conocimientos y experiencias en proyectos de gran escala de \u00f3smosis inversa y otras tecnolog\u00edas avanzadas para la reutilizaci\u00f3n de agua, abordando los desaf\u00edos y oportunidades en este \u00e1mbito.<\/p>\n\n\n\n<figure class=\"wp-block-image alignleft size-large is-resized\"><img fetchpriority=\"high\" decoding=\"async\" src=\"https:\/\/www.centrocapta.cl\/wp-content\/uploads\/2024\/10\/IMG_5900-1024x768.jpg\" alt=\"\" class=\"wp-image-3246\" width=\"535\" height=\"400\" srcset=\"https:\/\/www.centrocapta.cl\/wp-content\/uploads\/2024\/10\/IMG_5900-1024x768.jpg 1024w, https:\/\/www.centrocapta.cl\/wp-content\/uploads\/2024\/10\/IMG_5900-300x225.jpg 300w, https:\/\/www.centrocapta.cl\/wp-content\/uploads\/2024\/10\/IMG_5900-768x576.jpg 768w, https:\/\/www.centrocapta.cl\/wp-content\/uploads\/2024\/10\/IMG_5900-1536x1152.jpg 1536w, https:\/\/www.centrocapta.cl\/wp-content\/uploads\/2024\/10\/IMG_5900-2048x1536.jpg 2048w\" sizes=\"(max-width: 535px) 100vw, 535px\" \/><figcaption class=\"wp-element-caption\"><strong>Zohreh Y. Movahed<\/strong> y <strong>Ben Movahed<\/strong> durante la charla.<\/figcaption><\/figure>\n\n\n\n<p class=\"has-text-align-left\">La charla, moderada por <strong>Ana Luc\u00eda Prieto<\/strong>, investigadora de CAPTA y acad\u00e9mica del <strong>Departamento de Ingenier\u00eda Civil de la Universidad de Chile<\/strong>, gener\u00f3 un intenso inter\u00e9s entre los asistentes, quienes participaron activamente en un fruct\u00edfero intercambio de ideas y preguntas.<\/p>\n\n\n\n<p class=\"has-text-align-left\">&#8220;Estamos muy satisfechos con la gran convocatoria y el alto nivel de las presentaciones. Este evento demuestra la relevancia de las tecnolog\u00edas de membrana para enfrentar los desaf\u00edos de la escasez h\u00eddrica y promover una gesti\u00f3n sostenible del agua&#8221;, se\u00f1al\u00f3 <strong>Ana Luc\u00eda Prieto<\/strong> al finalizar la actividad.<\/p>\n\n\n\n<figure class=\"wp-block-gallery has-nested-images columns-default is-cropped wp-block-gallery-1 is-layout-flex wp-block-gallery-is-layout-flex\">\n<figure class=\"wp-block-image size-large\"><img decoding=\"async\" width=\"1024\" height=\"768\" data-id=\"3249\" src=\"https:\/\/www.centrocapta.cl\/wp-content\/uploads\/2024\/10\/IMG_5903-copia-1024x768.jpg\" alt=\"\" class=\"wp-image-3249\" srcset=\"https:\/\/www.centrocapta.cl\/wp-content\/uploads\/2024\/10\/IMG_5903-copia-1024x768.jpg 1024w, https:\/\/www.centrocapta.cl\/wp-content\/uploads\/2024\/10\/IMG_5903-copia-300x225.jpg 300w, https:\/\/www.centrocapta.cl\/wp-content\/uploads\/2024\/10\/IMG_5903-copia-768x576.jpg 768w, https:\/\/www.centrocapta.cl\/wp-content\/uploads\/2024\/10\/IMG_5903-copia-1536x1152.jpg 1536w, https:\/\/www.centrocapta.cl\/wp-content\/uploads\/2024\/10\/IMG_5903-copia-2048x1536.jpg 2048w\" sizes=\"(max-width: 1024px) 100vw, 1024px\" \/><\/figure>\n\n\n\n<figure class=\"wp-block-image size-large\"><img decoding=\"async\" width=\"1024\" height=\"768\" data-id=\"3248\" src=\"https:\/\/www.centrocapta.cl\/wp-content\/uploads\/2024\/10\/IMG_5912-1024x768.jpg\" alt=\"\" class=\"wp-image-3248\" srcset=\"https:\/\/www.centrocapta.cl\/wp-content\/uploads\/2024\/10\/IMG_5912-1024x768.jpg 1024w, https:\/\/www.centrocapta.cl\/wp-content\/uploads\/2024\/10\/IMG_5912-300x225.jpg 300w, https:\/\/www.centrocapta.cl\/wp-content\/uploads\/2024\/10\/IMG_5912-768x576.jpg 768w, https:\/\/www.centrocapta.cl\/wp-content\/uploads\/2024\/10\/IMG_5912-1536x1152.jpg 1536w, https:\/\/www.centrocapta.cl\/wp-content\/uploads\/2024\/10\/IMG_5912-2048x1536.jpg 2048w\" sizes=\"(max-width: 1024px) 100vw, 1024px\" \/><\/figure>\n\n\n\n<figure class=\"wp-block-image size-large\"><img loading=\"lazy\" decoding=\"async\" width=\"1024\" height=\"768\" data-id=\"3247\" src=\"https:\/\/www.centrocapta.cl\/wp-content\/uploads\/2024\/10\/IMG_5903-1024x768.jpg\" alt=\"\" class=\"wp-image-3247\" srcset=\"https:\/\/www.centrocapta.cl\/wp-content\/uploads\/2024\/10\/IMG_5903-1024x768.jpg 1024w, https:\/\/www.centrocapta.cl\/wp-content\/uploads\/2024\/10\/IMG_5903-300x225.jpg 300w, https:\/\/www.centrocapta.cl\/wp-content\/uploads\/2024\/10\/IMG_5903-768x576.jpg 768w, https:\/\/www.centrocapta.cl\/wp-content\/uploads\/2024\/10\/IMG_5903-1536x1152.jpg 1536w, https:\/\/www.centrocapta.cl\/wp-content\/uploads\/2024\/10\/IMG_5903-2048x1536.jpg 2048w\" sizes=\"(max-width: 1024px) 100vw, 1024px\" \/><\/figure>\n<\/figure>\n\n\n\n<p class=\"has-text-align-right\">9-10- 2024<\/p>\n","protected":false},"excerpt":{"rendered":"<p>El Centro Avanzado para Tecnolog\u00edas del Agua (CAPTA) realiz\u00f3 con gran \u00e9xito la charla titulada \u201cMembrane technology and water reuse: Non-potable plus indirect and direct potable\u201d, la cual reuni\u00f3 a destacados expertos internacionales y a una nutrida comunidad h\u00eddrica para participar de la actividad. Este martes 8 de octubre en la Facultad de Ciencias F\u00edsicas [&hellip;]<\/p>\n","protected":false},"author":3,"featured_media":3245,"comment_status":"closed","ping_status":"open","sticky":false,"template":"","format":"standard","meta":{"footnotes":""},"categories":[31],"tags":[],"class_list":["post-3244","post","type-post","status-publish","format-standard","has-post-thumbnail","hentry","category-noticia"],"_links":{"self":[{"href":"https:\/\/www.centrocapta.cl\/index.php?rest_route=\/wp\/v2\/posts\/3244","targetHints":{"allow":["GET"]}}],"collection":[{"href":"https:\/\/www.centrocapta.cl\/index.php?rest_route=\/wp\/v2\/posts"}],"about":[{"href":"https:\/\/www.centrocapta.cl\/index.php?rest_route=\/wp\/v2\/types\/post"}],"author":[{"embeddable":true,"href":"https:\/\/www.centrocapta.cl\/index.php?rest_route=\/wp\/v2\/users\/3"}],"replies":[{"embeddable":true,"href":"https:\/\/www.centrocapta.cl\/index.php?rest_route=%2Fwp%2Fv2%2Fcomments&post=3244"}],"version-history":[{"count":3,"href":"https:\/\/www.centrocapta.cl\/index.php?rest_route=\/wp\/v2\/posts\/3244\/revisions"}],"predecessor-version":[{"id":3252,"href":"https:\/\/www.centrocapta.cl\/index.php?rest_route=\/wp\/v2\/posts\/3244\/revisions\/3252"}],"wp:featuredmedia":[{"embeddable":true,"href":"https:\/\/www.centrocapta.cl\/index.php?rest_route=\/wp\/v2\/media\/3245"}],"wp:attachment":[{"href":"https:\/\/www.centrocapta.cl\/index.php?rest_route=%2Fwp%2Fv2%2Fmedia&parent=3244"}],"wp:term":[{"taxonomy":"category","embeddable":true,"href":"https:\/\/www.centrocapta.cl\/index.php?rest_route=%2Fwp%2Fv2%2Fcategories&post=3244"},{"taxonomy":"post_tag","embeddable":true,"href":"https:\/\/www.centrocapta.cl\/index.php?rest_route=%2Fwp%2Fv2%2Ftags&post=3244"}],"curies":[{"name":"wp","href":"https:\/\/api.w.org\/{rel}","templated":true}]}}