{"id":3169,"date":"2024-03-28T09:38:00","date_gmt":"2024-03-28T12:38:00","guid":{"rendered":"https:\/\/www.centrocapta.cl\/?p=3169"},"modified":"2024-03-27T18:41:44","modified_gmt":"2024-03-27T21:41:44","slug":"explorando-la-realidad-hidrica-de-la-iv-region-equipo-del-centro-avanzado-para-tecnologias-del-agua-capta-visito-el-embalse-puclaro-en-el-valle-del-elqui","status":"publish","type":"post","link":"https:\/\/www.centrocapta.cl\/?p=3169","title":{"rendered":"Explorando la Realidad H\u00eddrica de la IV regi\u00f3n: Equipo del Centro Avanzado para Tecnolog\u00edas del Agua (CAPTA) visit\u00f3 el Embalse Puclaro en el Valle del Elqui"},"content":{"rendered":"\n<p>En el marco de la cuarta edici\u00f3n del Summit H\u00eddrico de Corfo, con motivo del D\u00eda Mundial del Agua 2024, miembros del equipo de investigaci\u00f3n y gesti\u00f3n del Centro Avanzado para Tecnolog\u00edas del Agua (CAPTA) fueron invitados a realizar una visita t\u00e9cnica a la localidad del Valle del Elqui. Espec\u00edficamente, en el emblem\u00e1tico embalse Puclaro y la comuna de Vicu\u00f1a, con \u00e9nfasis en la quebrada de El Array\u00e1n. El prop\u00f3sito principal de esta incursi\u00f3n fue profundizar en la comprensi\u00f3n de la realidad h\u00eddrica que enfrenta la IV Regi\u00f3n de Coquimbo y conocer los proyectos de investigaci\u00f3n en esta zona del pa\u00eds. Instancia que se aprovech\u00f3 para interactuar con los diferentes investigadores del <a rel=\"noreferrer noopener\" href=\"https:\/\/consorcioquitaianko.cl\/\" target=\"_blank\">Centro Tecnol\u00f3gicos del Agua Quitai Anko de la Universidad de La Serena<\/a> y del <a href=\"https:\/\/www.coth2o.cl\/\" target=\"_blank\" rel=\"noreferrer noopener\">Consorcio H\u00eddrico Coth20 de la Universidad de Concepci\u00f3n<\/a>.<\/p>\n\n\n\n<p>Durante la visita, el equipo del Centro CAPTA pudo interactuar con t\u00e9cnicos y expertos en recursos h\u00eddricos para obtener una perspectiva integral de los diversos aspectos relacionados con el agua en el Valle del Elqui. Desde la disponibilidad y calidad del agua hasta las estrategias de conservaci\u00f3n y manejo sostenible, se abordaron una amplia gama de temas relevantes para la gesti\u00f3n h\u00eddrica en la regi\u00f3n.<\/p>\n\n\n\n<p>El embalse Puclaro, situado estrat\u00e9gicamente en el coraz\u00f3n del Valle del Elqui, es una pieza vital en el sistema de abastecimiento de agua de la regi\u00f3n. La visita de los expertos del CAPTA permiti\u00f3 un an\u00e1lisis detallado de la situaci\u00f3n actual del embalse, as\u00ed como de los desaf\u00edos y oportunidades asociados con la gesti\u00f3n del recurso h\u00eddrico en esta zona del pa\u00eds, la cual, en la actualidad, se encuentra en una situaci\u00f3n grave con ausencia de precipitaciones.<\/p>\n\n\n\n<p>En cuanto al sector del Array\u00e1n nuestra directora acad\u00e9mica, <strong>Linda Daniele<\/strong>, pudo conocer insitu el contexto de la contribuci\u00f3n de las rocas fracturadas en la recarga del acu\u00edfero de la quebrada El Array\u00e1n en el marco de uno de los proyectos de trabajo del Consorcio Centro Tecnol\u00f3gico de Agua Quitai-Anko. Investigaci\u00f3n que es liderada por el Centro de Estudios Avanzados en Zonas \u00c1ridas -CEAZA-.<\/p>\n\n\n\n<figure class=\"wp-block-image aligncenter size-large\"><img fetchpriority=\"high\" decoding=\"async\" width=\"1024\" height=\"683\" src=\"https:\/\/www.centrocapta.cl\/wp-content\/uploads\/2024\/03\/Terreno-Arrayan-1-1024x683.jpg\" alt=\"\" class=\"wp-image-3173\" srcset=\"https:\/\/www.centrocapta.cl\/wp-content\/uploads\/2024\/03\/Terreno-Arrayan-1-1024x683.jpg 1024w, https:\/\/www.centrocapta.cl\/wp-content\/uploads\/2024\/03\/Terreno-Arrayan-1-300x200.jpg 300w, https:\/\/www.centrocapta.cl\/wp-content\/uploads\/2024\/03\/Terreno-Arrayan-1-768x512.jpg 768w, https:\/\/www.centrocapta.cl\/wp-content\/uploads\/2024\/03\/Terreno-Arrayan-1-1536x1024.jpg 1536w, https:\/\/www.centrocapta.cl\/wp-content\/uploads\/2024\/03\/Terreno-Arrayan-1-2048x1365.jpg 2048w\" sizes=\"(max-width: 1024px) 100vw, 1024px\" \/><figcaption class=\"wp-element-caption\">Equipo de investigadores en la localidad del Array\u00e1n.<\/figcaption><\/figure>\n\n\n\n<p>\u201cBajo este contexto, nos reunimos en la cuarta regi\u00f3n con los tres consorcios h\u00eddricos que conforman la Plataforma Interconsorcios del Agua para intercambiar ideas y compartir los avances obtenidos como investigadores en temas h\u00eddricos. En esta ocasi\u00f3n, tuvimos la oportunidad de realizar visitas de terreno, permiti\u00e9ndonos observar de primera mano la aplicaci\u00f3n pr\u00e1ctica de nuestros conocimientos en la regi\u00f3n. Esta experiencia fue particularmente enriquecedora, ya que dentro de mis temas centrales de investigaci\u00f3n se encuentran el agua en Rocas Fracturadas, as\u00ed como la gesti\u00f3n de datos en infraestructuras de gran escala, como el embalse Puclaro\u201d, concluye <strong>Linda Daniele<\/strong>.<\/p>\n\n\n\n<p>Por otro lado, <strong>Ay\u00f3n Garc\u00eda<\/strong>, investigador y director del proyecto 5 de CAPTA, quien particip\u00f3 del Summit H\u00eddrico en el contexto del D\u00eda Internacional del Agua 2024 \u201c<strong>Agua para la paz: Uniendo esfuerzos y generando prosperidad\u201d<\/strong>, destac\u00f3 la importancia de realizar un seguimiento constante del agua disponible para mejorar su gesti\u00f3n. &#8220;Considero fundamental que tomemos conciencia de la problem\u00e1tica h\u00eddrica que enfrentamos en las regiones de Atacama y Coquimbo. En este sentido, es crucial monitorear las fuentes de agua para administrar de manera \u00f3ptima nuestros recursos h\u00eddricos disponibles. Adem\u00e1s, es fundamental realizar estas interacciones entre los Centros Tecnol\u00f3gicos, porque las experiencias los investigadores en cada regi\u00f3n es muy valiosa en el \u00e1mbito de la investigaci\u00f3n para que logremos avanzar con pasos m\u00e1s r\u00e1pidos en lo que se necesite para apoyar en la crisis h\u00eddrica\u201d.<\/p>\n\n\n\n<figure class=\"wp-block-image size-large\"><img decoding=\"async\" width=\"1024\" height=\"575\" src=\"https:\/\/www.centrocapta.cl\/wp-content\/uploads\/2024\/03\/IMG_4141-1024x575.jpg\" alt=\"\" class=\"wp-image-3177\" srcset=\"https:\/\/www.centrocapta.cl\/wp-content\/uploads\/2024\/03\/IMG_4141-1024x575.jpg 1024w, https:\/\/www.centrocapta.cl\/wp-content\/uploads\/2024\/03\/IMG_4141-300x168.jpg 300w, https:\/\/www.centrocapta.cl\/wp-content\/uploads\/2024\/03\/IMG_4141-768x431.jpg 768w, https:\/\/www.centrocapta.cl\/wp-content\/uploads\/2024\/03\/IMG_4141-1536x862.jpg 1536w, https:\/\/www.centrocapta.cl\/wp-content\/uploads\/2024\/03\/IMG_4141-2048x1150.jpg 2048w, https:\/\/www.centrocapta.cl\/wp-content\/uploads\/2024\/03\/IMG_4141-390x220.jpg 390w\" sizes=\"(max-width: 1024px) 100vw, 1024px\" \/><figcaption class=\"wp-element-caption\">Instalaciones t\u00e9cnicas del embalse Puclaro.<\/figcaption><\/figure>\n\n\n\n<p>El Centro Avanzado para Tecnolog\u00edas del Agua (CAPTA) con su participaci\u00f3n en las actividades del Summit H\u00eddrico reafirma su compromiso con la investigaci\u00f3n, el desarrollo y la implementaci\u00f3n de tecnolog\u00edas innovadoras para la gesti\u00f3n sostenible del agua, trabajando en estrecha colaboraci\u00f3n con comunidades, instituciones y empresas para garantizar un futuro h\u00eddrico resiliente y equitativo para todos.<\/p>\n\n\n\n<p>Para obtener m\u00e1s informaci\u00f3n sobre las actividades que se realizaron con motivo del D\u00eda Mundial del agua puedes revisar nuestro seminario h\u00eddrico <a rel=\"noreferrer noopener\" href=\"https:\/\/www.centrocapta.cl\/?p=3133\" target=\"_blank\">&#8220;Agua para la Paz&#8221;<\/a> o sobre la <a href=\"https:\/\/www.centrocapta.cl\/?p=3162\" target=\"_blank\" rel=\"noreferrer noopener\">primera reuni\u00f3n de investigadores en La Serena<\/a>.<\/p>\n\n\n\n<figure class=\"wp-block-image size-large\"><img decoding=\"async\" width=\"1024\" height=\"683\" src=\"https:\/\/www.centrocapta.cl\/wp-content\/uploads\/2024\/03\/IMG_4114-1024x683.jpg\" alt=\"\" class=\"wp-image-3178\" srcset=\"https:\/\/www.centrocapta.cl\/wp-content\/uploads\/2024\/03\/IMG_4114-1024x683.jpg 1024w, https:\/\/www.centrocapta.cl\/wp-content\/uploads\/2024\/03\/IMG_4114-300x200.jpg 300w, https:\/\/www.centrocapta.cl\/wp-content\/uploads\/2024\/03\/IMG_4114-768x512.jpg 768w, https:\/\/www.centrocapta.cl\/wp-content\/uploads\/2024\/03\/IMG_4114-1536x1024.jpg 1536w, https:\/\/www.centrocapta.cl\/wp-content\/uploads\/2024\/03\/IMG_4114-2048x1365.jpg 2048w\" sizes=\"(max-width: 1024px) 100vw, 1024px\" \/><figcaption class=\"wp-element-caption\">Inicio de la perforaci\u00f3n del pozo de Roca Fracturada al interior del Valle del Elqui.<\/figcaption><\/figure>\n\n\n\n<p class=\"has-text-align-right\">28-03-2024<\/p>\n","protected":false},"excerpt":{"rendered":"<p>En el marco de la cuarta edici\u00f3n del Summit H\u00eddrico de Corfo, con motivo del D\u00eda Mundial del Agua 2024, miembros del equipo de investigaci\u00f3n y gesti\u00f3n del Centro Avanzado para Tecnolog\u00edas del Agua (CAPTA) fueron invitados a realizar una visita t\u00e9cnica a la localidad del Valle del Elqui. Espec\u00edficamente, en el emblem\u00e1tico embalse Puclaro [&hellip;]<\/p>\n","protected":false},"author":3,"featured_media":3174,"comment_status":"closed","ping_status":"open","sticky":false,"template":"","format":"standard","meta":{"footnotes":""},"categories":[31],"tags":[],"class_list":["post-3169","post","type-post","status-publish","format-standard","has-post-thumbnail","hentry","category-noticia"],"_links":{"self":[{"href":"https:\/\/www.centrocapta.cl\/index.php?rest_route=\/wp\/v2\/posts\/3169","targetHints":{"allow":["GET"]}}],"collection":[{"href":"https:\/\/www.centrocapta.cl\/index.php?rest_route=\/wp\/v2\/posts"}],"about":[{"href":"https:\/\/www.centrocapta.cl\/index.php?rest_route=\/wp\/v2\/types\/post"}],"author":[{"embeddable":true,"href":"https:\/\/www.centrocapta.cl\/index.php?rest_route=\/wp\/v2\/users\/3"}],"replies":[{"embeddable":true,"href":"https:\/\/www.centrocapta.cl\/index.php?rest_route=%2Fwp%2Fv2%2Fcomments&post=3169"}],"version-history":[{"count":6,"href":"https:\/\/www.centrocapta.cl\/index.php?rest_route=\/wp\/v2\/posts\/3169\/revisions"}],"predecessor-version":[{"id":3180,"href":"https:\/\/www.centrocapta.cl\/index.php?rest_route=\/wp\/v2\/posts\/3169\/revisions\/3180"}],"wp:featuredmedia":[{"embeddable":true,"href":"https:\/\/www.centrocapta.cl\/index.php?rest_route=\/wp\/v2\/media\/3174"}],"wp:attachment":[{"href":"https:\/\/www.centrocapta.cl\/index.php?rest_route=%2Fwp%2Fv2%2Fmedia&parent=3169"}],"wp:term":[{"taxonomy":"category","embeddable":true,"href":"https:\/\/www.centrocapta.cl\/index.php?rest_route=%2Fwp%2Fv2%2Fcategories&post=3169"},{"taxonomy":"post_tag","embeddable":true,"href":"https:\/\/www.centrocapta.cl\/index.php?rest_route=%2Fwp%2Fv2%2Ftags&post=3169"}],"curies":[{"name":"wp","href":"https:\/\/api.w.org\/{rel}","templated":true}]}}