{"id":3133,"date":"2024-03-22T15:16:01","date_gmt":"2024-03-22T18:16:01","guid":{"rendered":"https:\/\/www.centrocapta.cl\/?p=3133"},"modified":"2024-03-25T18:51:57","modified_gmt":"2024-03-25T21:51:57","slug":"centro-capta-e-ingenieria-civil-celebraron-el-dia-mundial-del-agua-con-el-seminario-agua-para-la-paz","status":"publish","type":"post","link":"https:\/\/www.centrocapta.cl\/?p=3133","title":{"rendered":"Centro CAPTA e Ingenier\u00eda Civil celebraron el D\u00eda Mundial del Agua con el Seminario \u201cAgua para la Paz\u201d"},"content":{"rendered":"\n<p><em>El evento h\u00edbrido, se desarroll\u00f3 en el auditorio Gorbea de la Facultad de Ciencias F\u00edsicas y Matem\u00e1ticas (FCFM) de la Universidad de Chile, adem\u00e1s se transmiti\u00f3, mediante las plataformas Zoom y Youtube, permitiendo as\u00ed la participaci\u00f3n de un p\u00fablico amplio y diverso de diferentes partes del mundo.<\/em><\/p>\n\n\n\n<p>En conmemoraci\u00f3n del D\u00eda Mundial del Agua 2024, el <strong>Centro Avanzado para Tecnolog\u00edas del Agua (CAPTA)<\/strong> en colaboraci\u00f3n con el <a rel=\"noreferrer noopener\" href=\"https:\/\/ingcivil.uchile.cl\/\" target=\"_blank\"><strong>Departamento de Ingenier\u00eda Civil (DIC<\/strong>)<\/a> de la Universidad de Chile, llevaron a cabo el seminario &#8220;Agua para la Paz&#8221;. El evento cont\u00f3 con la participaci\u00f3n de especialistas de <strong><a rel=\"noreferrer noopener\" href=\"https:\/\/chile.angloamerican.com\/\" target=\"_blank\">Anglo American<\/a><\/strong>, <strong><a rel=\"noreferrer noopener\" href=\"https:\/\/www.siss.gob.cl\/586\/w3-channel.html\" target=\"_blank\">la Superintendencia de Servicios Sanitarios (SISS<\/a>)<\/strong> y la <strong><a href=\"https:\/\/forestal.uchile.cl\/\" target=\"_blank\" rel=\"noreferrer noopener\">F<\/a><\/strong><a rel=\"noreferrer noopener\" href=\"https:\/\/forestal.uchile.cl\/\" target=\"_blank\"><strong>acultad de Ciencias Forestales<\/strong> y <strong>Conservaci\u00f3n de la Naturaleza<\/strong><\/a>, de la <strong>Universidad de Chile<\/strong>.<\/p>\n\n\n\n<p>El seminario tuvo como objetivo principal fomentar la reflexi\u00f3n y el di\u00e1logo en torno a la importancia del agua como elemento clave para la paz y el desarrollo sostenible. Expertos en el campo del agua y representantes de diversas instituciones compartieron sus experiencias y conocimientos durante el evento.<\/p>\n\n\n\n<p>En esta convocatoria participaron como charlistas <strong>Pilar Barr\u00eda<\/strong>, acad\u00e9mica de la <strong>Facultad de Ciencias Forestales<\/strong> <strong>y de la Conservaci\u00f3n de la Naturaleza<\/strong> de  de la Universidad de Chile, quien es adem\u00e1s asesora de la Ministra del Medio Ambiente; <strong>Gonzalo Jaramillo<\/strong>, ingeniero en ejecuci\u00f3n mec\u00e1nico y director del <strong>Programa Agua Rural de Anglo American<\/strong> donde apoya de forma directa la gesti\u00f3n operacional de 83 Comit\u00e9s de Servicios Sanitarios Rurales (APR) entre las regiones de Valpara\u00edso y Metropolitana. Para finalizar, el panel de conversaci\u00f3n que se realiz\u00f3 en la parte final del Seminario cont\u00f3 con la participaci\u00f3n de <strong>Gabriel Zamorano<\/strong>, quien sum\u00f3 su vasta experiencia como jefe de la Divisi\u00f3n de Fiscalizaci\u00f3n de la Superintendencia de Servicios Sanitarios (SISS), aportando m\u00e1s de una d\u00e9cada de dedicaci\u00f3n al \u00e1mbito de la gesti\u00f3n de recursos h\u00eddricos y agua potable. Durante el Seminario, nuestra investigadora y Acad\u00e9mica de Ingenier\u00eda Civil (FCFM), <strong>Ana Luc\u00eda Prieto <\/strong>ofici\u00f3 de maestra de Ceremonia y moderadora del panel de expertos.<\/p>\n\n\n\n<p>El seminario &#8220;Agua para la Paz&#8221; se convirti\u00f3 en un espacio enriquecedor donde se abordaron temas cruciales relacionados con la gesti\u00f3n del agua, la cooperaci\u00f3n y la resiliencia h\u00eddrica, tanto a nivel local como global.<\/p>\n\n\n\n<p>Durante el evento, se analizaron los desaf\u00edos y oportunidades que enfrentan las comunidades y los pa\u00edses en relaci\u00f3n con el acceso al agua, la sostenibilidad de los recursos h\u00eddricos y la mitigaci\u00f3n de conflictos relacionados con el agua. Adem\u00e1s, se discutieron estrategias innovadoras y soluciones pr\u00e1cticas para promover la colaboraci\u00f3n entre diferentes actores, incluidos gobiernos, empresas y organizaciones de la sociedad civil, con el objetivo de garantizar un acceso equitativo y sostenible al agua para todos en el contexto de generar \u201cAgua para la Paz\u201d.<\/p>\n\n\n\n<p>El intercambio de experiencias y conocimientos entre los participantes contribuy\u00f3 significativamente a la comprensi\u00f3n colectiva de los desaf\u00edos h\u00eddricos y a la identificaci\u00f3n de medidas efectivas para promover la paz y la prosperidad en las comunidades de nuestro pa\u00eds.<\/p>\n\n\n\n<figure class=\"wp-block-image alignright size-large is-resized\"><img fetchpriority=\"high\" decoding=\"async\" src=\"https:\/\/www.centrocapta.cl\/wp-content\/uploads\/2024\/03\/IMG_4087-1024x683.jpg\" alt=\"\" class=\"wp-image-3137\" width=\"466\" height=\"310\" srcset=\"https:\/\/www.centrocapta.cl\/wp-content\/uploads\/2024\/03\/IMG_4087-1024x683.jpg 1024w, https:\/\/www.centrocapta.cl\/wp-content\/uploads\/2024\/03\/IMG_4087-300x200.jpg 300w, https:\/\/www.centrocapta.cl\/wp-content\/uploads\/2024\/03\/IMG_4087-768x512.jpg 768w, https:\/\/www.centrocapta.cl\/wp-content\/uploads\/2024\/03\/IMG_4087-1536x1024.jpg 1536w, https:\/\/www.centrocapta.cl\/wp-content\/uploads\/2024\/03\/IMG_4087-2048x1365.jpg 2048w\" sizes=\"(max-width: 466px) 100vw, 466px\" \/><figcaption class=\"wp-element-caption\">Mar\u00eda Ignacia Orell, directora ejecutiva de CAPTA, Gabriel Zamorano (SISS); Pilar Barr\u00eda (U.de Chile); Gonzalo Jaramillo (Anglo American); Linda Daniele, directora acad\u00e9mica de CAPTA y Ana Luc\u00eda Prieto, investigadora CAPTA.<\/figcaption><\/figure>\n\n\n\n<p>Finalmente, como organizaci\u00f3n, queremos expresar nuestro sincero agradecimiento a todas y todos los participantes por su compromiso y contribuci\u00f3n a este importante di\u00e1logo. Su presencia y participaci\u00f3n activa en el seminario &#8220;Agua para la Paz&#8221; fue fundamental para enriquecer el debate durante el Seminario H\u00eddrico.<\/p>\n\n\n\n<p>Para revisar en profundidad el contenido del Seminario organizado por el Centro CAPTA e Ingenier\u00eda Civil DIC, se invita a revisar los canales de YouTube de ambos organizadores.<\/p>\n\n\n\n<p><strong>Revisa el Seminario en YouTube aqu\u00ed: <\/strong><\/p>\n\n\n\n<figure class=\"wp-block-embed is-type-video is-provider-youtube wp-block-embed-youtube wp-embed-aspect-16-9 wp-has-aspect-ratio\"><div class=\"wp-block-embed__wrapper\">\n<iframe title=\"Seminario Agua Para La Paz 2024 Ingenier\u00eda Civil y Centro CAPTA\" width=\"500\" height=\"281\" src=\"https:\/\/www.youtube.com\/embed\/IiiyR5oRLDg?feature=oembed\" frameborder=\"0\" allow=\"accelerometer; autoplay; clipboard-write; encrypted-media; gyroscope; picture-in-picture; web-share\" referrerpolicy=\"strict-origin-when-cross-origin\" allowfullscreen><\/iframe>\n<\/div><\/figure>\n\n\n\n<figure class=\"wp-block-gallery has-nested-images columns-default is-cropped wp-block-gallery-1 is-layout-flex wp-block-gallery-is-layout-flex\">\n<figure class=\"wp-block-image size-large\"><img decoding=\"async\" width=\"1024\" height=\"683\" data-id=\"3139\" src=\"https:\/\/www.centrocapta.cl\/wp-content\/uploads\/2024\/03\/IMG_4001A-1024x683.jpg\" alt=\"\" class=\"wp-image-3139\" srcset=\"https:\/\/www.centrocapta.cl\/wp-content\/uploads\/2024\/03\/IMG_4001A-1024x683.jpg 1024w, https:\/\/www.centrocapta.cl\/wp-content\/uploads\/2024\/03\/IMG_4001A-300x200.jpg 300w, https:\/\/www.centrocapta.cl\/wp-content\/uploads\/2024\/03\/IMG_4001A-768x512.jpg 768w, https:\/\/www.centrocapta.cl\/wp-content\/uploads\/2024\/03\/IMG_4001A-1536x1024.jpg 1536w, https:\/\/www.centrocapta.cl\/wp-content\/uploads\/2024\/03\/IMG_4001A-2048x1365.jpg 2048w\" sizes=\"(max-width: 1024px) 100vw, 1024px\" \/><\/figure>\n\n\n\n<figure class=\"wp-block-image size-large\"><img decoding=\"async\" width=\"1024\" height=\"683\" data-id=\"3140\" src=\"https:\/\/www.centrocapta.cl\/wp-content\/uploads\/2024\/03\/IMG_4032-1024x683.jpg\" alt=\"\" class=\"wp-image-3140\" srcset=\"https:\/\/www.centrocapta.cl\/wp-content\/uploads\/2024\/03\/IMG_4032-1024x683.jpg 1024w, https:\/\/www.centrocapta.cl\/wp-content\/uploads\/2024\/03\/IMG_4032-300x200.jpg 300w, https:\/\/www.centrocapta.cl\/wp-content\/uploads\/2024\/03\/IMG_4032-768x512.jpg 768w, https:\/\/www.centrocapta.cl\/wp-content\/uploads\/2024\/03\/IMG_4032-1536x1024.jpg 1536w, https:\/\/www.centrocapta.cl\/wp-content\/uploads\/2024\/03\/IMG_4032-2048x1365.jpg 2048w\" sizes=\"(max-width: 1024px) 100vw, 1024px\" \/><\/figure>\n\n\n\n<figure class=\"wp-block-image size-large\"><img loading=\"lazy\" decoding=\"async\" width=\"1024\" height=\"683\" data-id=\"3141\" src=\"https:\/\/www.centrocapta.cl\/wp-content\/uploads\/2024\/03\/IMG_4049-1024x683.jpg\" alt=\"\" class=\"wp-image-3141\" srcset=\"https:\/\/www.centrocapta.cl\/wp-content\/uploads\/2024\/03\/IMG_4049-1024x683.jpg 1024w, https:\/\/www.centrocapta.cl\/wp-content\/uploads\/2024\/03\/IMG_4049-300x200.jpg 300w, https:\/\/www.centrocapta.cl\/wp-content\/uploads\/2024\/03\/IMG_4049-768x512.jpg 768w, https:\/\/www.centrocapta.cl\/wp-content\/uploads\/2024\/03\/IMG_4049-1536x1024.jpg 1536w, https:\/\/www.centrocapta.cl\/wp-content\/uploads\/2024\/03\/IMG_4049-2048x1365.jpg 2048w\" sizes=\"(max-width: 1024px) 100vw, 1024px\" \/><\/figure>\n\n\n\n<figure class=\"wp-block-image size-large\"><img loading=\"lazy\" decoding=\"async\" width=\"1024\" height=\"683\" data-id=\"3144\" src=\"https:\/\/www.centrocapta.cl\/wp-content\/uploads\/2024\/03\/IMG_4040-1024x683.jpg\" alt=\"\" class=\"wp-image-3144\" srcset=\"https:\/\/www.centrocapta.cl\/wp-content\/uploads\/2024\/03\/IMG_4040-1024x683.jpg 1024w, https:\/\/www.centrocapta.cl\/wp-content\/uploads\/2024\/03\/IMG_4040-300x200.jpg 300w, https:\/\/www.centrocapta.cl\/wp-content\/uploads\/2024\/03\/IMG_4040-768x512.jpg 768w, https:\/\/www.centrocapta.cl\/wp-content\/uploads\/2024\/03\/IMG_4040-1536x1024.jpg 1536w, https:\/\/www.centrocapta.cl\/wp-content\/uploads\/2024\/03\/IMG_4040-2048x1365.jpg 2048w\" sizes=\"(max-width: 1024px) 100vw, 1024px\" \/><\/figure>\n\n\n\n<figure class=\"wp-block-image size-large\"><img loading=\"lazy\" decoding=\"async\" width=\"1024\" height=\"683\" data-id=\"3145\" src=\"https:\/\/www.centrocapta.cl\/wp-content\/uploads\/2024\/03\/IMG_3998-1024x683.jpg\" alt=\"\" class=\"wp-image-3145\" srcset=\"https:\/\/www.centrocapta.cl\/wp-content\/uploads\/2024\/03\/IMG_3998-1024x683.jpg 1024w, https:\/\/www.centrocapta.cl\/wp-content\/uploads\/2024\/03\/IMG_3998-300x200.jpg 300w, https:\/\/www.centrocapta.cl\/wp-content\/uploads\/2024\/03\/IMG_3998-768x512.jpg 768w, https:\/\/www.centrocapta.cl\/wp-content\/uploads\/2024\/03\/IMG_3998-1536x1024.jpg 1536w, https:\/\/www.centrocapta.cl\/wp-content\/uploads\/2024\/03\/IMG_3998-2048x1365.jpg 2048w\" sizes=\"(max-width: 1024px) 100vw, 1024px\" \/><\/figure>\n<\/figure>\n\n\n\n<p><strong>Este seminario cont\u00f3 con el apoyo de:<\/strong><\/p>\n\n\n\n<figure class=\"wp-block-image aligncenter size-full is-resized\"><img loading=\"lazy\" decoding=\"async\" src=\"https:\/\/www.centrocapta.cl\/wp-content\/uploads\/2024\/03\/Logos-nota-auspicio.jpeg\" alt=\"\" class=\"wp-image-3158\" width=\"664\" height=\"190\" srcset=\"https:\/\/www.centrocapta.cl\/wp-content\/uploads\/2024\/03\/Logos-nota-auspicio.jpeg 700w, https:\/\/www.centrocapta.cl\/wp-content\/uploads\/2024\/03\/Logos-nota-auspicio-300x86.jpeg 300w\" sizes=\"(max-width: 664px) 100vw, 664px\" \/><\/figure>\n\n\n\n<p class=\"has-text-align-right\">22-03-2024<\/p>\n","protected":false},"excerpt":{"rendered":"<p>El evento h\u00edbrido, se desarroll\u00f3 en el auditorio Gorbea de la Facultad de Ciencias F\u00edsicas y Matem\u00e1ticas (FCFM) de la Universidad de Chile, adem\u00e1s se transmiti\u00f3, mediante las plataformas Zoom y Youtube, permitiendo as\u00ed la participaci\u00f3n de un p\u00fablico amplio y diverso de diferentes partes del mundo. En conmemoraci\u00f3n del D\u00eda Mundial del Agua 2024, [&hellip;]<\/p>\n","protected":false},"author":3,"featured_media":3135,"comment_status":"closed","ping_status":"open","sticky":false,"template":"","format":"standard","meta":{"footnotes":""},"categories":[31],"tags":[],"class_list":["post-3133","post","type-post","status-publish","format-standard","has-post-thumbnail","hentry","category-noticia"],"_links":{"self":[{"href":"https:\/\/www.centrocapta.cl\/index.php?rest_route=\/wp\/v2\/posts\/3133","targetHints":{"allow":["GET"]}}],"collection":[{"href":"https:\/\/www.centrocapta.cl\/index.php?rest_route=\/wp\/v2\/posts"}],"about":[{"href":"https:\/\/www.centrocapta.cl\/index.php?rest_route=\/wp\/v2\/types\/post"}],"author":[{"embeddable":true,"href":"https:\/\/www.centrocapta.cl\/index.php?rest_route=\/wp\/v2\/users\/3"}],"replies":[{"embeddable":true,"href":"https:\/\/www.centrocapta.cl\/index.php?rest_route=%2Fwp%2Fv2%2Fcomments&post=3133"}],"version-history":[{"count":15,"href":"https:\/\/www.centrocapta.cl\/index.php?rest_route=\/wp\/v2\/posts\/3133\/revisions"}],"predecessor-version":[{"id":3161,"href":"https:\/\/www.centrocapta.cl\/index.php?rest_route=\/wp\/v2\/posts\/3133\/revisions\/3161"}],"wp:featuredmedia":[{"embeddable":true,"href":"https:\/\/www.centrocapta.cl\/index.php?rest_route=\/wp\/v2\/media\/3135"}],"wp:attachment":[{"href":"https:\/\/www.centrocapta.cl\/index.php?rest_route=%2Fwp%2Fv2%2Fmedia&parent=3133"}],"wp:term":[{"taxonomy":"category","embeddable":true,"href":"https:\/\/www.centrocapta.cl\/index.php?rest_route=%2Fwp%2Fv2%2Fcategories&post=3133"},{"taxonomy":"post_tag","embeddable":true,"href":"https:\/\/www.centrocapta.cl\/index.php?rest_route=%2Fwp%2Fv2%2Ftags&post=3133"}],"curies":[{"name":"wp","href":"https:\/\/api.w.org\/{rel}","templated":true}]}}