{"id":2947,"date":"2023-09-27T17:08:42","date_gmt":"2023-09-27T20:08:42","guid":{"rendered":"https:\/\/www.centrocapta.cl\/?p=2947"},"modified":"2023-09-27T17:21:22","modified_gmt":"2023-09-27T20:21:22","slug":"consorcios-hidricos-de-corfo-contaron-con-una-destacada-participacion-en-expo-agua-2023","status":"publish","type":"post","link":"https:\/\/www.centrocapta.cl\/?p=2947","title":{"rendered":"Consorcios H\u00eddricos de Corfo contaron con una destacada\u00a0 participaci\u00f3n en Expo Agua 2023"},"content":{"rendered":"\n<p><em>La cita reuni\u00f3 a especialistas en el manejo y uso del recurso h\u00eddrico, quienes buscaban conectar y promover sus ideas, investigaciones y desarrollos tecnol\u00f3gicos entre sus pares.&nbsp;<\/em><em>Adem\u00e1s de abordar los principales desaf\u00edos de Chile en el cuidado del agua.<\/em><\/p>\n\n\n\n<p>Con una alta convocatoria&nbsp;se llev\u00f3 a cabo la tercera versi\u00f3n de la Expo Agua 2023, la cual reuni\u00f3 a m\u00e1s de 1.500 personas y una destacada gama de organismos especializados en la gesti\u00f3n y uso responsable del recurso h\u00eddrico. En esta ocasi\u00f3n, la&nbsp;<strong>Plataforma Interconsorcios Tecnol\u00f3gicos del Agua (PITAT)<\/strong>, conformada por los Consorcios&nbsp;<strong>Centro Avanzado Para Tecnolog\u00edas del Agua (CAPTA)<\/strong>, el&nbsp;<strong>Centro Tecnol\u00f3gico del Agua (COTH2O)<\/strong>&nbsp;y el&nbsp;<strong>Centro Tecnol\u00f3gico del Agua Quitai Anko (CTQA)<\/strong>, destac\u00f3 con su presencia mediante la implementaci\u00f3n de un stand compartido y la presencia de dos&nbsp;<em>speakers<\/em>.<\/p>\n\n\n\n<figure class=\"wp-block-image alignright size-full is-resized\"><img fetchpriority=\"high\" decoding=\"async\" src=\"https:\/\/www.centrocapta.cl\/wp-content\/uploads\/2023\/09\/pasillos-expo.jpeg\" alt=\"\" class=\"wp-image-2955\" width=\"407\" height=\"271\" srcset=\"https:\/\/www.centrocapta.cl\/wp-content\/uploads\/2023\/09\/pasillos-expo.jpeg 1024w, https:\/\/www.centrocapta.cl\/wp-content\/uploads\/2023\/09\/pasillos-expo-300x200.jpeg 300w, https:\/\/www.centrocapta.cl\/wp-content\/uploads\/2023\/09\/pasillos-expo-768x512.jpeg 768w\" sizes=\"(max-width: 407px) 100vw, 407px\" \/><figcaption class=\"wp-element-caption\">Stands Expo Agua 2023.<\/figcaption><\/figure>\n\n\n\n<p>El mi\u00e9rcoles 13 de septiembre, en el\u00a0<strong>Centro Parque de Santiago<\/strong>, se llev\u00f3 a cabo un destacado evento que reuni\u00f3 a m\u00e1s de treinta organizaciones especializadas como expositores en la investigaci\u00f3n y aplicaci\u00f3n de tecnolog\u00edas relacionadas con el recurso h\u00eddrico. Durante el evento, estas organizaciones estuvieron presentes con stands promocionales, adem\u00e1s de patrocinadores, auspiciadores y 1.500 asistentes que participaron en durante las actividades programadas en el encuentro h\u00eddrico.\u00a0<\/p>\n\n\n\n<p>La reuni\u00f3n h\u00eddrica no solo fue una oportunidad para que los miembros de estos consorcios presentaran sus investigaciones y desarrollos tecnol\u00f3gicos, sino que tambi\u00e9n marc\u00f3 un hito en la colaboraci\u00f3n entre estos expertos. La plataforma, en constante expansi\u00f3n de sus actividades conjuntas, se afirma como referente en la gesti\u00f3n y desarrollo sostenible del recurso h\u00eddrico. En palabras de&nbsp;<strong>Gisela Vergara Quezada<\/strong>, Gerenta del Consorcio COTH20, \u201cHoy hemos reconocido el valor de que las empresas conozcan nuestra labor y c\u00f3mo podemos contribuir a resolver sus desaf\u00edos, pues est\u00e1n en la l\u00ednea de fuego de las demandas, y nosotros les brindamos soluciones respaldadas por la ciencia aplicada\u201d.<\/p>\n\n\n\n<p>Por otro lado, se hace referencia a las proyecciones que tiene el estar presentes en este tipo de actividades \u201chay varias y todo por la demanda que logramos constatar hoy, ya que el hecho de participar ayuda a completar un ciclo (Gobierno, Academia e Industria), donde el Gobierno puede tener una idea para desarrollar, la academia tiene otra, pero las empresas tambi\u00e9n detectan la demanda, entonces si nosotros nos ausentamos de estas instancias, simplemente nos alejamos de este ciclo virtuoso donde lo que hacemos es impactar a la vida de las personas\u2026 Esto es una oportunidad para nosotros y a la vez un desaf\u00edo, porque nos lleva a tener una estrategia mucho m\u00e1s fuerte comunicacionalmente hablando\u201d, finaliza la <strong>Gerenta de COTH20<\/strong>.<\/p>\n\n\n\n<figure class=\"wp-block-image alignright size-large is-resized\"><img decoding=\"async\" src=\"https:\/\/www.centrocapta.cl\/wp-content\/uploads\/2023\/09\/IMG_3400-1024x683.jpg\" alt=\"\" class=\"wp-image-2950\" width=\"403\" height=\"269\" srcset=\"https:\/\/www.centrocapta.cl\/wp-content\/uploads\/2023\/09\/IMG_3400-1024x683.jpg 1024w, https:\/\/www.centrocapta.cl\/wp-content\/uploads\/2023\/09\/IMG_3400-300x200.jpg 300w, https:\/\/www.centrocapta.cl\/wp-content\/uploads\/2023\/09\/IMG_3400-768x512.jpg 768w, https:\/\/www.centrocapta.cl\/wp-content\/uploads\/2023\/09\/IMG_3400-1536x1024.jpg 1536w, https:\/\/www.centrocapta.cl\/wp-content\/uploads\/2023\/09\/IMG_3400-2048x1365.jpg 2048w\" sizes=\"(max-width: 403px) 100vw, 403px\" \/><figcaption class=\"wp-element-caption\">Luis Reinoso explicando la maqueta de Quitai Anko.<\/figcaption><\/figure>\n\n\n\n<p>El evento atrajo a una amplia audiencia \u00e1vida de informaci\u00f3n, que explor\u00f3 detenidamente los stands presentes, donde los expertos de cada consorcio proporcionaron explicaciones detalladas respecto a las l\u00edneas de desarrollo de cada uno de ellos. En este contexto,&nbsp;<strong>Luis Reinoso Pino<\/strong>, Subgerente de Transferencia, Empaquetamiento Tecnol\u00f3gico y Difusi\u00f3n del CTQA, enfatiz\u00f3: \u201cNuestra participaci\u00f3n, fue un \u00e9xito rotundo, con una afluencia constante de p\u00fablico diverso, con un enfoque en tecnolog\u00eda y su integraci\u00f3n comercial. Despertamos un gran inter\u00e9s en nuestras propuestas, generando un intercambio valioso de informaci\u00f3n y contactos que, una vez sistematizados, nos permitir\u00e1n obtener una visi\u00f3n m\u00e1s precisa y detallada de nuestros logros\u201d.<\/p>\n\n\n\n<p>Adem\u00e1s, el evento ofreci\u00f3 a los asistentes la oportunidad de conocer din\u00e1micos proyectos que capturaron la atenci\u00f3n del p\u00fablico. En este sentido,&nbsp;<strong>Quitai Anko<\/strong>&nbsp;present\u00f3 una maqueta explicativa sobre la implementaci\u00f3n del Proyecto de Monitoreo de APR, con el objetivo de acercar a las personas a su l\u00ednea de desarrollo. Esto se logr\u00f3 a trav\u00e9s de la exposici\u00f3n de los sensores utilizados en el proceso, brindando una experiencia pr\u00e1ctica y educativa para los visitantes.<\/p>\n\n\n\n<figure class=\"wp-block-image alignleft size-large is-resized\"><img decoding=\"async\" src=\"https:\/\/www.centrocapta.cl\/wp-content\/uploads\/2023\/09\/IMG_3298-1024x683.jpg\" alt=\"\" class=\"wp-image-2951\" width=\"394\" height=\"262\" srcset=\"https:\/\/www.centrocapta.cl\/wp-content\/uploads\/2023\/09\/IMG_3298-1024x683.jpg 1024w, https:\/\/www.centrocapta.cl\/wp-content\/uploads\/2023\/09\/IMG_3298-300x200.jpg 300w, https:\/\/www.centrocapta.cl\/wp-content\/uploads\/2023\/09\/IMG_3298-768x512.jpg 768w, https:\/\/www.centrocapta.cl\/wp-content\/uploads\/2023\/09\/IMG_3298-1536x1024.jpg 1536w, https:\/\/www.centrocapta.cl\/wp-content\/uploads\/2023\/09\/IMG_3298-2048x1365.jpg 2048w\" sizes=\"(max-width: 394px) 100vw, 394px\" \/><figcaption class=\"wp-element-caption\">James McPhee moderando el bloque de conversaci\u00f3n con Iven Mareels.<\/figcaption><\/figure>\n\n\n\n<p>Por otro lado, el Centro Avanzado para Tecnolog\u00edas del Agua (CAPTA) cont\u00f3 con dos espacios para exponer sus experiencias e ideas frente al p\u00fablico asistente. Primero fue la oportunidad de&nbsp;<strong>James McPhee<\/strong>, subdirector de CAPTA, quien pudo moderar la conferencia inaugural: \u201cLos desaf\u00edos que impone el cambio clim\u00e1tico en la agricultura. Estrategias de Riego m\u00e1s eficientes\u201d con Iven Mareels Executive Dean, del I<em>nstitute of Innovation, Science and Sustainability<\/em>, Federation University Australia. Australia como expositor central.&nbsp;<\/p>\n\n\n\n<p>Por su parte&nbsp;<strong>Mar\u00eda Ignacia Orell<\/strong>, directora ejecutiva de CAPTA, particip\u00f3 con una presentaci\u00f3n en el bloque de \u201cLa relevancia de proteger los ecosistemas que nos proveen de agua y de ella en la preservaci\u00f3n de ecosistemas relevantes\u201d.&nbsp;<\/p>\n\n\n\n<figure class=\"wp-block-image alignright size-large is-resized\"><img loading=\"lazy\" decoding=\"async\" src=\"https:\/\/www.centrocapta.cl\/wp-content\/uploads\/2023\/09\/IMG_3379-1024x683.jpg\" alt=\"\" class=\"wp-image-2953\" width=\"414\" height=\"276\" srcset=\"https:\/\/www.centrocapta.cl\/wp-content\/uploads\/2023\/09\/IMG_3379-1024x683.jpg 1024w, https:\/\/www.centrocapta.cl\/wp-content\/uploads\/2023\/09\/IMG_3379-300x200.jpg 300w, https:\/\/www.centrocapta.cl\/wp-content\/uploads\/2023\/09\/IMG_3379-768x512.jpg 768w, https:\/\/www.centrocapta.cl\/wp-content\/uploads\/2023\/09\/IMG_3379-1536x1024.jpg 1536w, https:\/\/www.centrocapta.cl\/wp-content\/uploads\/2023\/09\/IMG_3379-2048x1365.jpg 2048w\" sizes=\"(max-width: 414px) 100vw, 414px\" \/><figcaption class=\"wp-element-caption\">Mar\u00eda Ignacia Orell participando junto a otros expositores en el espacio de &#8220;La relevancia de proteger los ecosistemas que nos proveen de agua y de ellas en la preservaci\u00f3n de ecosistemas relevantes&#8221;.<\/figcaption><\/figure>\n\n\n\n<p>Al respecto, <strong>Orell<\/strong> mencion\u00f3 \u201cpara nosotros participar de Expo Agua es de suma importancia, porque es un espacio de reuni\u00f3n de grandes expertos h\u00eddricos del mundo empresarial, organizaciones p\u00fablicas y privadas. Nos ayuda como Plataforma y Consorcio para armar Redes de colaboraci\u00f3n, concretar ideas y compartir experiencias con proyectos\u201d.&nbsp;<\/p>\n\n\n\n<p>En cuanto a la presentaci\u00f3n, donde tuve la oportunidad de exponer, fue interesante compartir con&nbsp;<strong>Sebasti\u00e1n Vicu\u00f1a<\/strong>, director del Centro de Cambio Global de la Pontificia Universidad Cat\u00f3lica de Chile y&nbsp;<strong>Sebasti\u00e1n Infante<\/strong>, director de Senderos de Chile. Sin lugar a dudas, fue grato compartir experiencias desde lo local y la academia. As\u00ed como discutir&nbsp; sobre la interfaz Ciencias \u2013 pr\u00e1cticas y pol\u00edticas, que es un gran desaf\u00edo hoy en d\u00eda\u201d.&nbsp;<\/p>\n\n\n\n<p class=\"has-text-align-right\">27-09- 2023.<\/p>\n","protected":false},"excerpt":{"rendered":"<p>La cita reuni\u00f3 a especialistas en el manejo y uso del recurso h\u00eddrico, quienes buscaban conectar y promover sus ideas, investigaciones y desarrollos tecnol\u00f3gicos entre sus pares.&nbsp;Adem\u00e1s de abordar los principales desaf\u00edos de Chile en el cuidado del agua. Con una alta convocatoria&nbsp;se llev\u00f3 a cabo la tercera versi\u00f3n de la Expo Agua 2023, la [&hellip;]<\/p>\n","protected":false},"author":3,"featured_media":2949,"comment_status":"closed","ping_status":"open","sticky":false,"template":"","format":"standard","meta":{"footnotes":""},"categories":[31],"tags":[],"class_list":["post-2947","post","type-post","status-publish","format-standard","has-post-thumbnail","hentry","category-noticia"],"_links":{"self":[{"href":"https:\/\/www.centrocapta.cl\/index.php?rest_route=\/wp\/v2\/posts\/2947","targetHints":{"allow":["GET"]}}],"collection":[{"href":"https:\/\/www.centrocapta.cl\/index.php?rest_route=\/wp\/v2\/posts"}],"about":[{"href":"https:\/\/www.centrocapta.cl\/index.php?rest_route=\/wp\/v2\/types\/post"}],"author":[{"embeddable":true,"href":"https:\/\/www.centrocapta.cl\/index.php?rest_route=\/wp\/v2\/users\/3"}],"replies":[{"embeddable":true,"href":"https:\/\/www.centrocapta.cl\/index.php?rest_route=%2Fwp%2Fv2%2Fcomments&post=2947"}],"version-history":[{"count":7,"href":"https:\/\/www.centrocapta.cl\/index.php?rest_route=\/wp\/v2\/posts\/2947\/revisions"}],"predecessor-version":[{"id":2961,"href":"https:\/\/www.centrocapta.cl\/index.php?rest_route=\/wp\/v2\/posts\/2947\/revisions\/2961"}],"wp:featuredmedia":[{"embeddable":true,"href":"https:\/\/www.centrocapta.cl\/index.php?rest_route=\/wp\/v2\/media\/2949"}],"wp:attachment":[{"href":"https:\/\/www.centrocapta.cl\/index.php?rest_route=%2Fwp%2Fv2%2Fmedia&parent=2947"}],"wp:term":[{"taxonomy":"category","embeddable":true,"href":"https:\/\/www.centrocapta.cl\/index.php?rest_route=%2Fwp%2Fv2%2Fcategories&post=2947"},{"taxonomy":"post_tag","embeddable":true,"href":"https:\/\/www.centrocapta.cl\/index.php?rest_route=%2Fwp%2Fv2%2Ftags&post=2947"}],"curies":[{"name":"wp","href":"https:\/\/api.w.org\/{rel}","templated":true}]}}