{"id":2933,"date":"2023-09-25T11:44:20","date_gmt":"2023-09-25T14:44:20","guid":{"rendered":"https:\/\/www.centrocapta.cl\/?p=2933"},"modified":"2023-09-25T11:45:24","modified_gmt":"2023-09-25T14:45:24","slug":"crisis-hidrica-en-chile-especialistas-preven-un-verano-tranquilo-pero-enfatizan-que-es-necesario-pensar-a-futuro","status":"publish","type":"post","link":"https:\/\/www.centrocapta.cl\/?p=2933","title":{"rendered":"Crisis h\u00eddrica en Chile: Especialistas prev\u00e9n un verano tranquilo, pero enfatizan que es necesario pensar a futuro"},"content":{"rendered":"\n<p><em>Investigadores del Centro Avanzado para Tecnolog\u00edas del Agua -CAPTA- <strong>Ay\u00f3n Garc\u00eda<\/strong> y <strong>Rodrigo F\u00faster<\/strong>, entregan su visi\u00f3n sobre la situaci\u00f3n h\u00eddrica de nuestro pa\u00eds tras 14 a\u00f1os de sequ\u00eda<\/em>.<\/p>\n\n\n\n<p><strong>Rodrigo Fuster<\/strong>, director de Investigaci\u00f3n de la Universidad de Chile y especialista en recursos h\u00eddricos, asegura que las precipitaciones normales de este invierno, \u201cdespu\u00e9s de 14 a\u00f1os de sequ\u00eda, sin duda que son un alivio, pero no resuelven el problema\u201d. Por otra parte, <strong>Ay\u00f3n Garc\u00eda<\/strong>, investigador del Centro Avanzado para Tecnolog\u00edas del Agua (CAPTA), agrega que la situaci\u00f3n m\u00e1s compleja es la que vive la Regi\u00f3n de Coquimbo, porque no hubo muchas precipitaciones este a\u00f1o y \u201cno tienen reservas mayores como glaciares y otras reservas de hielo\u201d.<\/p>\n\n\n\n<figure class=\"wp-block-image alignright size-large is-resized\"><img fetchpriority=\"high\" decoding=\"async\" src=\"https:\/\/www.centrocapta.cl\/wp-content\/uploads\/2023\/09\/Fuster-1024x683.jpeg\" alt=\"\" class=\"wp-image-2935\" width=\"295\" height=\"197\" srcset=\"https:\/\/www.centrocapta.cl\/wp-content\/uploads\/2023\/09\/Fuster-1024x683.jpeg 1024w, https:\/\/www.centrocapta.cl\/wp-content\/uploads\/2023\/09\/Fuster-300x200.jpeg 300w, https:\/\/www.centrocapta.cl\/wp-content\/uploads\/2023\/09\/Fuster-768x512.jpeg 768w, https:\/\/www.centrocapta.cl\/wp-content\/uploads\/2023\/09\/Fuster.jpeg 1500w\" sizes=\"(max-width: 295px) 100vw, 295px\" \/><figcaption class=\"wp-element-caption\">El acad\u00e9mico Rodrigo Fuster afirma que \u201ces innegable que despu\u00e9s de 14 a\u00f1os consecutivos de precipitaciones por debajo de lo normal, que es lo que entendemos como sequ\u00eda, este a\u00f1o ya est\u00e1, en parte de Chile, en condiciones de normalidad\u201d.<\/figcaption><\/figure>\n\n\n\n<p>El \u00faltimo&nbsp;<a href=\"https:\/\/dga.mop.gob.cl\/productosyservicios\/informacionhidrologica\/Paginas\/default.aspx\">informe de la Direcci\u00f3n General de Aguas<\/a>&nbsp;detalla que<strong>&nbsp;actualmente hay almacenados en el pa\u00eds 6.619 millones de m3 de agua<\/strong>, mientras que en la misma fecha del a\u00f1o pasado era de 5.005 millones de m3. De esta forma, el volumen almacenado tras las intensas lluvias de este invierno,&nbsp;<strong>supera a lo que hab\u00eda en septiembre de 2022, pero a\u00fan es bajo respecto al \u00edndice hist\u00f3rico.<\/strong><\/p>\n\n\n\n<p>El director de Investigaci\u00f3n de la Vicerrector\u00eda de Investigaci\u00f3n y Desarrollo de la Universidad de Chile e investigador del Centro Avanzado Para Tecnolog\u00edas del Agua (CAPTA),&nbsp;<strong>Rodrigo Fuster<\/strong>, explica que el agua ca\u00edda durante estos \u00faltimos tres meses ha ayudado a mejorar la situaci\u00f3n de sequ\u00eda hist\u00f3rica que el pa\u00eds vive desde hace m\u00e1s de una d\u00e9cada.&nbsp;<strong>\u201cEs innegable que despu\u00e9s de 14 a\u00f1os consecutivos de precipitaciones por debajo de lo normal, que es lo que entendemos como sequ\u00eda, este a\u00f1o ya est\u00e1, en parte de Chile, en condiciones de normalidad\u201d<\/strong>.<\/p>\n\n\n\n<p>Sin embargo, el tambi\u00e9n acad\u00e9mico del Departamento de Ciencias Ambientales y Recursos Naturales Renovables de la Facultad de Ciencias Agron\u00f3micas de la Casa de Bello advierte que&nbsp;<strong>\u201cse mantiene una situaci\u00f3n muy cr\u00edtica todav\u00eda en la Regi\u00f3n de Coquimbo hacia el norte\u201d<\/strong>.<\/p>\n\n\n\n<p>\u201cEn el resto de Chile, de la Regi\u00f3n de Valpara\u00edso al sur, ya estamos en un equilibrio. Hay lugares en los que todav\u00eda estamos por debajo de lo normal, en algunas otras estaciones meteorol\u00f3gicas estamos un poquito por sobre lo normal, por lo cual, lo que estamos viviendo este a\u00f1o que parece tanta agua, es m\u00e1s bien una cantidad de agua esperable para un a\u00f1o clim\u00e1ticamente normal\u201d, asegura <strong>Fuster<\/strong>, a\u00f1adiendo que&nbsp;<strong>\u201cun a\u00f1o normal despu\u00e9s de 14 a\u00f1os de sequ\u00eda sin duda que es un alivio, pero no resuelve el problema\u201d<\/strong>.<\/p>\n\n\n\n<p>Por otra parte, el acad\u00e9mico aclara que<strong>&nbsp;hay dos tipos de embalses, los que se usan para riego y los que se usan para riego y energ\u00eda. En el primer caso, los embalses que se ubican desde la Regi\u00f3n Metropolitana al sur se encuentran casi llenos o sobre el 70%<\/strong>, porque su uso es principalmente en verano. En el caso de los embalses que tienen doble prop\u00f3sito, como el de la Laguna de La Laja, est\u00e1n con porcentajes de almacenamiento del orden del 30%.<\/p>\n\n\n\n<h2 class=\"wp-block-heading\"><strong>Situaci\u00f3n cr\u00edtica en el norte del pa\u00eds<\/strong><\/h2>\n\n\n\n<figure class=\"wp-block-image alignleft size-full is-resized\"><img decoding=\"async\" src=\"https:\/\/www.centrocapta.cl\/wp-content\/uploads\/2023\/09\/Ayon-1.jpeg\" alt=\"\" class=\"wp-image-2939\" width=\"246\" height=\"368\" srcset=\"https:\/\/www.centrocapta.cl\/wp-content\/uploads\/2023\/09\/Ayon-1.jpeg 684w, https:\/\/www.centrocapta.cl\/wp-content\/uploads\/2023\/09\/Ayon-1-200x300.jpeg 200w\" sizes=\"(max-width: 246px) 100vw, 246px\" \/><figcaption class=\"wp-element-caption\">El investigador de CAPTA, Ay\u00f3n Garc\u00eda, explica que la zona m\u00e1s cr\u00edtica es la Regi\u00f3n de Coquimbo porque &#8220;hay muchos agricultores. Ser\u00eda una de las zonas que est\u00e1 m\u00e1s complicada porque adem\u00e1s no tienen reservas mayores, como glaciares y otras reservas de hielo\u201d.<\/figcaption><\/figure>\n\n\n\n<p>El norte, en cambio, contin\u00faa con d\u00e9ficit de reservas h\u00eddricas y&nbsp;<strong>la zona m\u00e1s afectada es la Regi\u00f3n de Coquimbo, donde, con siete embalses, el volumen actual de agua es menor al 20%<\/strong>. El investigador de CAPTA,&nbsp;<strong>Ay\u00f3n Garc\u00eda<\/strong>, explica que \u201cen la Regi\u00f3n de Coquimbo se aglomeran las cuencas que est\u00e1n m\u00e1s complicadas. En Copiap\u00f3 hay una sobrexplotaci\u00f3n porque hay muchos derechos de agua, pero en la<strong>&nbsp;<\/strong>Regi\u00f3n de Coquimbo la demanda es bien amplia, hay muchos agricultores.<strong>&nbsp;Ser\u00eda una de las zonas que est\u00e1 m\u00e1s complicada porque adem\u00e1s no tienen reservas mayores, como glaciares y otras reservas de hielo\u201d<\/strong>.<\/p>\n\n\n\n<p>El tambi\u00e9n acad\u00e9mico de la Universidad de Atacama asegura que en el caso de Copiap\u00f3 \u201chay glaciares que son bien grandes y tambi\u00e9n hay suelos congelados, como glaciares de roca u otras geoformas\u201d.&nbsp;En la&nbsp;<strong>Regi\u00f3n de Atacama<\/strong>, agrega,<strong>&nbsp;\u201ceste a\u00f1o estamos m\u00e1s cerca de la media que de un a\u00f1o muy seco<\/strong>&nbsp;porque el a\u00f1o pasado hubo precipitaciones en cordillera y hab\u00eda un cierto nivel de base. Si bien las precipitaciones fueron escasas, igual hay un poco de agua en los r\u00edos, pero&nbsp;<strong>el problema se va a proyectar para el a\u00f1o que viene y para esta temporada de deshielos porque no hay nieve que se derrita<\/strong>\u201d.<\/p>\n\n\n\n<p>En este sentido, adelanta que\u00a0\u201cpara el a\u00f1o que viene son las complicaciones mayores, porque si se volviera a repetir que hay muy pocas precipitaciones por otro a\u00f1o consecutivo, ah\u00ed ser\u00eda m\u00e1s complicado\u201d, a\u00f1ade <strong>Ay\u00f3n Garc\u00eda<\/strong>.<\/p>\n\n\n\n<p>Contenido original de comunicaciones <strong><a href=\"https:\/\/uchile.cl\/noticias\/209316\/crisis-hidrica-sera-un-verano-tranquilo-pero-hay-que-pensar-a-futuro\" target=\"_blank\" rel=\"noreferrer noopener\">Casa Central Universidad de Chile<\/a><\/strong>. <\/p>\n\n\n\n<p class=\"has-text-align-right\">25-09-2023<\/p>\n","protected":false},"excerpt":{"rendered":"<p>Investigadores del Centro Avanzado para Tecnolog\u00edas del Agua -CAPTA- Ay\u00f3n Garc\u00eda y Rodrigo F\u00faster, entregan su visi\u00f3n sobre la situaci\u00f3n h\u00eddrica de nuestro pa\u00eds tras 14 a\u00f1os de sequ\u00eda. Rodrigo Fuster, director de Investigaci\u00f3n de la Universidad de Chile y especialista en recursos h\u00eddricos, asegura que las precipitaciones normales de este invierno, \u201cdespu\u00e9s de 14 [&hellip;]<\/p>\n","protected":false},"author":3,"featured_media":2942,"comment_status":"closed","ping_status":"open","sticky":false,"template":"","format":"standard","meta":{"footnotes":""},"categories":[31],"tags":[],"class_list":["post-2933","post","type-post","status-publish","format-standard","has-post-thumbnail","hentry","category-noticia"],"_links":{"self":[{"href":"https:\/\/www.centrocapta.cl\/index.php?rest_route=\/wp\/v2\/posts\/2933","targetHints":{"allow":["GET"]}}],"collection":[{"href":"https:\/\/www.centrocapta.cl\/index.php?rest_route=\/wp\/v2\/posts"}],"about":[{"href":"https:\/\/www.centrocapta.cl\/index.php?rest_route=\/wp\/v2\/types\/post"}],"author":[{"embeddable":true,"href":"https:\/\/www.centrocapta.cl\/index.php?rest_route=\/wp\/v2\/users\/3"}],"replies":[{"embeddable":true,"href":"https:\/\/www.centrocapta.cl\/index.php?rest_route=%2Fwp%2Fv2%2Fcomments&post=2933"}],"version-history":[{"count":7,"href":"https:\/\/www.centrocapta.cl\/index.php?rest_route=\/wp\/v2\/posts\/2933\/revisions"}],"predecessor-version":[{"id":2944,"href":"https:\/\/www.centrocapta.cl\/index.php?rest_route=\/wp\/v2\/posts\/2933\/revisions\/2944"}],"wp:featuredmedia":[{"embeddable":true,"href":"https:\/\/www.centrocapta.cl\/index.php?rest_route=\/wp\/v2\/media\/2942"}],"wp:attachment":[{"href":"https:\/\/www.centrocapta.cl\/index.php?rest_route=%2Fwp%2Fv2%2Fmedia&parent=2933"}],"wp:term":[{"taxonomy":"category","embeddable":true,"href":"https:\/\/www.centrocapta.cl\/index.php?rest_route=%2Fwp%2Fv2%2Fcategories&post=2933"},{"taxonomy":"post_tag","embeddable":true,"href":"https:\/\/www.centrocapta.cl\/index.php?rest_route=%2Fwp%2Fv2%2Ftags&post=2933"}],"curies":[{"name":"wp","href":"https:\/\/api.w.org\/{rel}","templated":true}]}}