{"id":2884,"date":"2023-08-07T18:00:50","date_gmt":"2023-08-07T21:00:50","guid":{"rendered":"https:\/\/www.centrocapta.cl\/?p=2884"},"modified":"2023-08-07T18:05:12","modified_gmt":"2023-08-07T21:05:12","slug":"agosto-seminario-de-escenarios-y-estrategias-hidricas-regeneracion-y-reutilizacion-de-aguas-2023","status":"publish","type":"post","link":"https:\/\/www.centrocapta.cl\/?p=2884","title":{"rendered":"AGOSTO: Seminario de Escenarios y Estrategias H\u00eddricas: &#8220;Regeneraci\u00f3n\u00a0y Reutilizaci\u00f3n de Aguas 2023&#8221;"},"content":{"rendered":"\n<p><em>El encuentro se llevar\u00e1 a cabo el\u00a0<\/em><strong><em>jueves 24 de agosto de 2023<\/em><\/strong><em>\u00a0con una modalidad presencial en La <strong>Contralor\u00eda General de la Rep\u00fablica, Santiago,<\/strong> y online para quienes se encuentren a distancia.<\/em> Una oportunidad \u00fanica con inscripci\u00f3n gratuita para establecer conexiones con otros profesionales e investigadores del sector h\u00eddrico. (CUPOS LIMITADOS) <\/p>\n\n\n\n<p><strong>La Plataforma Nacional de Interconsorcios Tecnol\u00f3gicos del Agua<\/strong>, compuesta por los consorcios h\u00eddricos apoyados por\u00a0<strong>CORFO<\/strong>;\u00a0<strong>Centro CAPTA, Quitai Anko<\/strong>\u00a0y\u00a0<strong>COTH2O<\/strong>, realizar\u00e1 la segunda versi\u00f3n <strong>del Seminario de Escenarios y Estrategias H\u00eddricas<\/strong> que en esta ocasi\u00f3n tiene por nombre:<strong>\u00a0&#8220;Regeneraci\u00f3n\u00a0y Reutilizaci\u00f3n de Aguas 2023&#8221;.<\/strong><\/p>\n\n\n\n<p>La experiencia contar\u00e1 con la participaci\u00f3n de dos grandes expositoras y un equipo de destacados panelistas de gran prestigio en el sector h\u00eddrico. <\/p>\n\n\n\n<p><strong>Expositoras: <\/strong><\/p>\n\n\n\n<p><strong>Pilar Barria:<\/strong>&nbsp;Encargada Transici\u00f3n H\u00eddrica del Ministerio del Medio Ambiente.<\/p>\n\n\n\n<p><strong>Pia Mena:<\/strong>\u00a0Vicepresidenta de AIDIS: Cap\u00edtulo Chileno de la Asociaci\u00f3n Interamericana de Ingenier\u00eda Sanitaria y Ambiental.<\/p>\n\n\n\n<p><strong>Panelistas: <\/strong><\/p>\n\n\n\n<p><strong>Cristian Nu\u00f1ez<\/strong>: Subdirector de la Direcci\u00f3n General de Aguas (DGA).<\/p>\n\n\n\n<p><strong>Wilson Ureta:<\/strong>&nbsp;Secretario Ejecutivo de la Comisi\u00f3n Nacional de Riego (CNR).<\/p>\n\n\n\n<p><strong>Claudia Papic:<\/strong>&nbsp;Directora de contenidos de ExpoAgua 2023.<\/p>\n\n\n\n<p><strong>Rodrigo Labatut:<\/strong>&nbsp;Investigador COTH2O.<\/p>\n\n\n\n<p><strong>Gabriel Mancilla:<\/strong>&nbsp;Investigador Quitai Anko y Director Ejecutivo de CAZALAC.<\/p>\n\n\n\n<p><strong>Ana Luc\u00eda Prieto:<\/strong>&nbsp;Investigadora CAPTA.<\/p>\n\n\n\n<p>Modera:\u00a0<strong>James McPhee.\u00a0<\/strong><\/p>\n\n\n\n<p>Revisa el programa <a href=\"https:\/\/www.centrocapta.cl\/wp-content\/uploads\/2023\/08\/Programa-24-de-agosto-v2-1.pdf\" target=\"_blank\" rel=\"noreferrer noopener\"><strong>aqu\u00ed.<\/strong><\/a> <\/p>\n\n\n\n<p><strong>DETALLES:<\/strong><br>\ud83d\udcc5 Fecha: Jueves 24 de agosto de 2023.<br>\u23f0 Hora: 9:00 horas.<br>\ud83c\udfe2 Lugar: Contralor\u00eda General de la Rep\u00fablica. (Teatinos 78, Santiago.)<\/p>\n\n\n\n<p>Para confirmar su asistencia, solicitamos que complete el formulario de registro en el siguiente enlace =>\u00a0<a rel=\"noreferrer noopener\" href=\"https:\/\/forms.gle\/D2acyvwisfs1ihEPA\" target=\"_blank\">https:\/\/forms.gle\/D2acyvwisfs1ihEPA<\/a><\/p>\n\n\n\n<figure class=\"wp-block-image size-large is-resized\"><img fetchpriority=\"high\" decoding=\"async\" src=\"https:\/\/www.centrocapta.cl\/wp-content\/uploads\/2023\/08\/Santiago-1024x1024.jpeg\" alt=\"\" class=\"wp-image-2885\" width=\"840\" height=\"840\" srcset=\"https:\/\/www.centrocapta.cl\/wp-content\/uploads\/2023\/08\/Santiago-1024x1024.jpeg 1024w, https:\/\/www.centrocapta.cl\/wp-content\/uploads\/2023\/08\/Santiago-300x300.jpeg 300w, https:\/\/www.centrocapta.cl\/wp-content\/uploads\/2023\/08\/Santiago-150x150.jpeg 150w, https:\/\/www.centrocapta.cl\/wp-content\/uploads\/2023\/08\/Santiago-768x768.jpeg 768w, https:\/\/www.centrocapta.cl\/wp-content\/uploads\/2023\/08\/Santiago.jpeg 1500w\" sizes=\"(max-width: 840px) 100vw, 840px\" \/><\/figure>\n\n\n\n<p class=\"has-text-align-right\"><strong>07-08-2023.<\/strong><\/p>\n","protected":false},"excerpt":{"rendered":"<p>El encuentro se llevar\u00e1 a cabo el\u00a0jueves 24 de agosto de 2023\u00a0con una modalidad presencial en La Contralor\u00eda General de la Rep\u00fablica, Santiago, y online para quienes se encuentren a distancia. Una oportunidad \u00fanica con inscripci\u00f3n gratuita para establecer conexiones con otros profesionales e investigadores del sector h\u00eddrico. (CUPOS LIMITADOS) La Plataforma Nacional de Interconsorcios [&hellip;]<\/p>\n","protected":false},"author":3,"featured_media":2891,"comment_status":"closed","ping_status":"open","sticky":false,"template":"","format":"standard","meta":{"footnotes":""},"categories":[31],"tags":[],"class_list":["post-2884","post","type-post","status-publish","format-standard","has-post-thumbnail","hentry","category-noticia"],"_links":{"self":[{"href":"https:\/\/www.centrocapta.cl\/index.php?rest_route=\/wp\/v2\/posts\/2884","targetHints":{"allow":["GET"]}}],"collection":[{"href":"https:\/\/www.centrocapta.cl\/index.php?rest_route=\/wp\/v2\/posts"}],"about":[{"href":"https:\/\/www.centrocapta.cl\/index.php?rest_route=\/wp\/v2\/types\/post"}],"author":[{"embeddable":true,"href":"https:\/\/www.centrocapta.cl\/index.php?rest_route=\/wp\/v2\/users\/3"}],"replies":[{"embeddable":true,"href":"https:\/\/www.centrocapta.cl\/index.php?rest_route=%2Fwp%2Fv2%2Fcomments&post=2884"}],"version-history":[{"count":5,"href":"https:\/\/www.centrocapta.cl\/index.php?rest_route=\/wp\/v2\/posts\/2884\/revisions"}],"predecessor-version":[{"id":2892,"href":"https:\/\/www.centrocapta.cl\/index.php?rest_route=\/wp\/v2\/posts\/2884\/revisions\/2892"}],"wp:featuredmedia":[{"embeddable":true,"href":"https:\/\/www.centrocapta.cl\/index.php?rest_route=\/wp\/v2\/media\/2891"}],"wp:attachment":[{"href":"https:\/\/www.centrocapta.cl\/index.php?rest_route=%2Fwp%2Fv2%2Fmedia&parent=2884"}],"wp:term":[{"taxonomy":"category","embeddable":true,"href":"https:\/\/www.centrocapta.cl\/index.php?rest_route=%2Fwp%2Fv2%2Fcategories&post=2884"},{"taxonomy":"post_tag","embeddable":true,"href":"https:\/\/www.centrocapta.cl\/index.php?rest_route=%2Fwp%2Fv2%2Ftags&post=2884"}],"curies":[{"name":"wp","href":"https:\/\/api.w.org\/{rel}","templated":true}]}}