{"id":2770,"date":"2023-04-26T19:43:16","date_gmt":"2023-04-26T22:43:16","guid":{"rendered":"https:\/\/www.centrocapta.cl\/?p=2770"},"modified":"2023-05-30T19:47:38","modified_gmt":"2023-05-30T22:47:38","slug":"representante-de-corfo-visita-en-terreno-uno-de-los-proyectos-tecnologicos-de-capta","status":"publish","type":"post","link":"https:\/\/www.centrocapta.cl\/?p=2770","title":{"rendered":"Representante de Corfo visita en terreno uno de los proyectos tecnol\u00f3gicos de CAPTA"},"content":{"rendered":"\n<p><em>Durante la visita se profundiz\u00f3 en los avances del proyecto de Implementaci\u00f3n de Tecnolog\u00edas Verdes.<\/em><\/p>\n\n\n\n<p><em>Con el prop\u00f3sito de conocer en terreno los avances del Proyecto de Implementaci\u00f3n de Tecnolog\u00edas Verdes (proyecto 8 de CAPTA), el Ejecutivo de Proyectos de la Corporaci\u00f3n de Fomento de la Producci\u00f3n -CORFO-,&nbsp;<\/em><strong><em>H\u00e9ctor Chocobar<\/em><\/strong><em>, recorri\u00f3 las instalaciones que albergan algunos de los proyectos de nuestro Centro Avanzado para Tecnolog\u00edas del Agua -CAPTA, ubicado en la Facultad de Ciencias F\u00edsicas y Matem\u00e1ticas de la Universidad de Chile.<\/em><\/p>\n\n\n\n<p>Durante el recorrido, el representante de CORFO logr\u00f3 compartir con algunos miembros del equipo de gesti\u00f3n y quienes trabaja en el proyecto sobre tecnolog\u00edas verdes de CAPTA, liderado por nuestra investigadora,\u00a0<strong>Ana Luc\u00eda Prieto.<\/strong><\/p>\n\n\n\n<figure class=\"wp-block-image aligncenter size-large is-resized\"><img fetchpriority=\"high\" decoding=\"async\" src=\"https:\/\/www.centrocapta.cl\/wp-content\/uploads\/2023\/05\/H-1024x683.jpeg\" alt=\"\" class=\"wp-image-2773\" width=\"602\" height=\"401\" srcset=\"https:\/\/www.centrocapta.cl\/wp-content\/uploads\/2023\/05\/H-1024x683.jpeg 1024w, https:\/\/www.centrocapta.cl\/wp-content\/uploads\/2023\/05\/H-300x200.jpeg 300w, https:\/\/www.centrocapta.cl\/wp-content\/uploads\/2023\/05\/H-768x512.jpeg 768w, https:\/\/www.centrocapta.cl\/wp-content\/uploads\/2023\/05\/H-1536x1024.jpeg 1536w, https:\/\/www.centrocapta.cl\/wp-content\/uploads\/2023\/05\/H-2048x1365.jpeg 2048w\" sizes=\"(max-width: 602px) 100vw, 602px\" \/><\/figure>\n\n\n\n<p><strong>H\u00e9ctor Chocobar<\/strong>&nbsp;al llegar al final de la visita por las dependencias de la FCFM, realiz\u00f3 un balance sobre el trabajo que se est\u00e1 realizando en CAPTA. \u201cQuiero destacar dos puntos relevantes sobre esta experiencia: Uno fue el acercamiento humano con el equipo de trabajo del Consorcio que es fundamental para este tipo de desarrollos, sin olvidar el profesionalismo que descansa en el capital humano que est\u00e1 a cargo del Consorcio Tecnol\u00f3gico. Lo segundo, &nbsp;y no menos importante, es destacar la infraestructura que est\u00e1 disponible para poder alcanzar estos desaf\u00edos tecnol\u00f3gicos que van a servir para minimizar la brecha h\u00eddrica que ataca a nuestros territorios. Me voy muy conforme por el desarrollo de la visita\u201d, aclara el representante de CORFO.<\/p>\n\n\n\n<p>Por su parte,\u00a0<strong>Linda Daniele<\/strong>, directora acad\u00e9mica de CAPTA, mencion\u00f3 que fue un agrado mostrar el avance de uno de nuestros proyectos. \u201cNosotros somos una puerta abierta con Corfo para que puedan conocer el estado de avance de nuestras \u00a0investigaciones. Adem\u00e1s, fue una excelente oportunidad para mostrar los equipamientos con los que trabajamos en el d\u00eda a d\u00eda\u201d.<\/p>\n\n\n\n<figure class=\"wp-block-image size-large\"><img decoding=\"async\" width=\"1024\" height=\"683\" src=\"https:\/\/www.centrocapta.cl\/wp-content\/uploads\/2023\/05\/C-1024x683.jpeg\" alt=\"\" class=\"wp-image-2774\" srcset=\"https:\/\/www.centrocapta.cl\/wp-content\/uploads\/2023\/05\/C-1024x683.jpeg 1024w, https:\/\/www.centrocapta.cl\/wp-content\/uploads\/2023\/05\/C-300x200.jpeg 300w, https:\/\/www.centrocapta.cl\/wp-content\/uploads\/2023\/05\/C-768x512.jpeg 768w, https:\/\/www.centrocapta.cl\/wp-content\/uploads\/2023\/05\/C-1536x1024.jpeg 1536w, https:\/\/www.centrocapta.cl\/wp-content\/uploads\/2023\/05\/C-2048x1365.jpeg 2048w\" sizes=\"(max-width: 1024px) 100vw, 1024px\" \/><\/figure>\n\n\n\n<p class=\"has-text-align-right\">26-04-2023<\/p>\n","protected":false},"excerpt":{"rendered":"<p>Durante la visita se profundiz\u00f3 en los avances del proyecto de Implementaci\u00f3n de Tecnolog\u00edas Verdes. Con el prop\u00f3sito de conocer en terreno los avances del Proyecto de Implementaci\u00f3n de Tecnolog\u00edas Verdes (proyecto 8 de CAPTA), el Ejecutivo de Proyectos de la Corporaci\u00f3n de Fomento de la Producci\u00f3n -CORFO-,&nbsp;H\u00e9ctor Chocobar, recorri\u00f3 las instalaciones que albergan algunos [&hellip;]<\/p>\n","protected":false},"author":3,"featured_media":2772,"comment_status":"closed","ping_status":"open","sticky":false,"template":"","format":"standard","meta":{"footnotes":""},"categories":[31],"tags":[],"class_list":["post-2770","post","type-post","status-publish","format-standard","has-post-thumbnail","hentry","category-noticia"],"_links":{"self":[{"href":"https:\/\/www.centrocapta.cl\/index.php?rest_route=\/wp\/v2\/posts\/2770","targetHints":{"allow":["GET"]}}],"collection":[{"href":"https:\/\/www.centrocapta.cl\/index.php?rest_route=\/wp\/v2\/posts"}],"about":[{"href":"https:\/\/www.centrocapta.cl\/index.php?rest_route=\/wp\/v2\/types\/post"}],"author":[{"embeddable":true,"href":"https:\/\/www.centrocapta.cl\/index.php?rest_route=\/wp\/v2\/users\/3"}],"replies":[{"embeddable":true,"href":"https:\/\/www.centrocapta.cl\/index.php?rest_route=%2Fwp%2Fv2%2Fcomments&post=2770"}],"version-history":[{"count":2,"href":"https:\/\/www.centrocapta.cl\/index.php?rest_route=\/wp\/v2\/posts\/2770\/revisions"}],"predecessor-version":[{"id":2775,"href":"https:\/\/www.centrocapta.cl\/index.php?rest_route=\/wp\/v2\/posts\/2770\/revisions\/2775"}],"wp:featuredmedia":[{"embeddable":true,"href":"https:\/\/www.centrocapta.cl\/index.php?rest_route=\/wp\/v2\/media\/2772"}],"wp:attachment":[{"href":"https:\/\/www.centrocapta.cl\/index.php?rest_route=%2Fwp%2Fv2%2Fmedia&parent=2770"}],"wp:term":[{"taxonomy":"category","embeddable":true,"href":"https:\/\/www.centrocapta.cl\/index.php?rest_route=%2Fwp%2Fv2%2Fcategories&post=2770"},{"taxonomy":"post_tag","embeddable":true,"href":"https:\/\/www.centrocapta.cl\/index.php?rest_route=%2Fwp%2Fv2%2Ftags&post=2770"}],"curies":[{"name":"wp","href":"https:\/\/api.w.org\/{rel}","templated":true}]}}