{"id":2755,"date":"2023-04-05T19:04:02","date_gmt":"2023-04-05T22:04:02","guid":{"rendered":"https:\/\/www.centrocapta.cl\/?p=2755"},"modified":"2023-05-30T19:05:33","modified_gmt":"2023-05-30T22:05:33","slug":"subdirector-de-capta-es-parte-de-la-nueva-catedra-unesco-en-sostenibilidad-del-agua-de-montana","status":"publish","type":"post","link":"https:\/\/www.centrocapta.cl\/?p=2755","title":{"rendered":"Subdirector de CAPTA es parte de la nueva c\u00e1tedra UNESCO en Sostenibilidad del Agua de Monta\u00f1a"},"content":{"rendered":"\n<p>La Universidad de Calgary, Canad\u00e1, ser\u00e1 la anfitriona de este programa internacional que estar\u00e1 codirigido por seis investigadores e investigadoras especialistas en el \u00e1rea, uno de ellos el acad\u00e9mico del Departamento de Ingenier\u00eda Civil de la Facultad de Ciencias F\u00edsicas y Matem\u00e1ticas y subdirector del Centro Avanzado para Tecnolog\u00edas del agua -CAPTA- de la U. de Chile,<strong>\u00a0James McPhee<\/strong>.<\/p>\n\n\n\n<p>El cr\u00edtico escenario que actualmente enfrentan los ecosistemas de monta\u00f1a debido al cambio clim\u00e1tico fue la raz\u00f3n para que la Organizaci\u00f3n de las Naciones Unidas para la Educaci\u00f3n, la Ciencia y la Cultura, UNESCO, se centrara en esta tem\u00e1tica para su nueva<strong>\u00a0<a rel=\"noreferrer noopener\" href=\"https:\/\/research.ucalgary.ca\/unesco-chair-mountain-water-sustainability#:~:text=The%20UNESCO%20Chair%20in%20Mountain%20Water%20Sustainability%20will%20bridge%20geographic,solutions%20towards%20sustainable%20water%20management.\" target=\"_blank\">c\u00e1tedra: \u201cSostenibilidad del Agua de Monta\u00f1a\u201d<\/a><\/strong>. Este programa se radica en la Universidad Calgary, Canad\u00e1, ciudad que depende fuertemente de fuentes h\u00eddricas ubicadas en la alta monta\u00f1a, al igual que Santiago de Chile.<\/p>\n\n\n\n<figure class=\"wp-block-image alignright size-large is-resized\"><img fetchpriority=\"high\" decoding=\"async\" src=\"https:\/\/www.centrocapta.cl\/wp-content\/uploads\/2023\/05\/james--683x1024.jpeg\" alt=\"\" class=\"wp-image-2756\" width=\"278\" height=\"417\" srcset=\"https:\/\/www.centrocapta.cl\/wp-content\/uploads\/2023\/05\/james--683x1024.jpeg 683w, https:\/\/www.centrocapta.cl\/wp-content\/uploads\/2023\/05\/james--200x300.jpeg 200w, https:\/\/www.centrocapta.cl\/wp-content\/uploads\/2023\/05\/james--768x1151.jpeg 768w, https:\/\/www.centrocapta.cl\/wp-content\/uploads\/2023\/05\/james--1025x1536.jpeg 1025w, https:\/\/www.centrocapta.cl\/wp-content\/uploads\/2023\/05\/james-.jpeg 1140w\" sizes=\"(max-width: 278px) 100vw, 278px\" \/><figcaption class=\"wp-element-caption\">James McPhee Torres<\/figcaption><\/figure>\n\n\n\n<p><\/p>\n\n\n\n<p>Para desarrollar esta c\u00e1tedra, se eligieron a<strong>&nbsp;seis expertos de clase mundial en la materia<\/strong>:&nbsp;<strong>John Pomeroy<\/strong>&nbsp;(codirector y titular de la c\u00e1tedra principal) y&nbsp;<strong>Corinne Schuster-Wallace&nbsp;<\/strong>de la Universidad de Saskatchewan, Canad\u00e1;&nbsp;<strong>Frederick Wrona<\/strong>&nbsp;(codirector) y&nbsp;<strong>Kerry Black&nbsp;<\/strong>de la Universidad de Calgary, Canad\u00e1;&nbsp;<strong>Dhiraj Pradhananga<\/strong>&nbsp;de la Universidad Tribhuvan, Nepal; y&nbsp;<strong>James McPhee Torres<\/strong>&nbsp;como representante de la Universidad de Chile.<\/p>\n\n\n\n<p>\u201cMi participaci\u00f3n se origina en una relaci\u00f3n de colaboraci\u00f3n que ya cumple 10 a\u00f1os con la Universidad de Saskatchewan, y que ha permitido muchas instancias de intercambio estudiantil, formaci\u00f3n de investigadores, publicaciones cient\u00edficas y creaci\u00f3n de redes de investigaci\u00f3n como, por ejemplo,\u00a0<a rel=\"noreferrer noopener\" href=\"https:\/\/inarch.usask.ca\/\" target=\"_blank\">INARCH<\/a>. Ahora se expande a la Universidades de Calgary y Tribhuvan, lo que le da a\u00fan m\u00e1s potencia a este trabajo centrado en las zonas monta\u00f1osas del mundo\u201d, se\u00f1ala\u00a0<strong>nuestro subdirector, James McPhee<\/strong>.<\/p>\n\n\n\n<p>Los codirectores trabajar\u00e1n colectivamente para mejorar la forma en que se proyecta el impacto del calentamiento clim\u00e1tico en las fuentes de agua, desarrollar nuevas medidas de mitigaci\u00f3n del cambio clim\u00e1tico y aumentar la resiliencia de las comunidades que dependen de las aguas de las monta\u00f1as. Utilizar\u00e1n un&nbsp;<strong>enfoque hol\u00edstico para abordar los problemas ambientales, econ\u00f3micos y sociales<\/strong>&nbsp;complejos e interconectados de los sistemas monta\u00f1osos.<\/p>\n\n\n\n<p>\u201cEspero que a partir de esta c\u00e1tedra podamos intensificar a\u00fan m\u00e1s el intercambio de experiencias y, a trav\u00e9s de la visibilidad que da la c\u00e1tedra, atraer cada vez m\u00e1s y mejores talentos a formarse en temas de recursos h\u00eddricos. Complementariamente,\u00a0<strong>la c\u00e1tedra tiene un fuerte \u00e9nfasis en el trabajo con comunidades y pueblos originarios para la co-creaci\u00f3n de soluciones<\/strong>, lo cual me parece novedoso y muy en l\u00ednea con los objetivos del Programa de Pueblos Ind\u00edgenas de nuestra facultad\u201d, explica el subdirector de CAPTA y acad\u00e9mico del\u00a0<strong><a rel=\"noreferrer noopener\" href=\"https:\/\/ingcivil.uchile.cl\/\" target=\"_blank\">Departamento de Ingenier\u00eda Civil -DIC-<\/a><\/strong>\u00a0de la Universidad de Chile.<\/p>\n\n\n\n<p>La c\u00e1tedra unir\u00e1 regiones geogr\u00e1ficas, disciplinas, m\u00e9todos de investigaci\u00f3n y distintas miradas para\u00a0<strong>comprender mejor los recursos h\u00eddricos cambiantes en las regiones de alta monta\u00f1a<\/strong>\u00a0y desarrollar soluciones para la gesti\u00f3n sostenible del agua en el contexto de comunidades y ecosistemas sostenibles. De esta manera, cada acad\u00e9mico y acad\u00e9mica aportar\u00e1 un enfoque de investigaci\u00f3n distinto de su regi\u00f3n geogr\u00e1fica a la c\u00e1tedra, lo que la convierte en una iniciativa diversa y transdisciplinaria con oportunidades integradas de impacto internacional.<\/p>\n\n\n\n<p>\u201c<strong>Desde la FCFM, hemos venido creando conocimiento sobre los sistemas hidrol\u00f3gicos de monta\u00f1a<\/strong>, y mejorando nuestra capacidad para predecir su comportamiento mediante modelos matem\u00e1ticos. Aprovechando el contexto de esta c\u00e1tedra, podemos articular otras iniciativas como el programa de Pueblos Ind\u00edgenas, la iniciativa ENEAS y otros, de manera de promover un enfoque multidisciplinario para\u00a0<strong>abordar problemas concretos en la gesti\u00f3n de los recursos h\u00eddricos<\/strong>. Esperamos convocar a diversos investigadores y estudiantes de la Universidad para involucrarse en esta materia\u201d, agrega el acad\u00e9mico.<\/p>\n\n\n\n<figure class=\"wp-block-image aligncenter size-large is-resized\"><img decoding=\"async\" src=\"https:\/\/www.centrocapta.cl\/wp-content\/uploads\/2023\/05\/chile-2-1024x683.jpeg\" alt=\"\" class=\"wp-image-2758\" width=\"713\" height=\"475\" srcset=\"https:\/\/www.centrocapta.cl\/wp-content\/uploads\/2023\/05\/chile-2-1024x683.jpeg 1024w, https:\/\/www.centrocapta.cl\/wp-content\/uploads\/2023\/05\/chile-2-300x200.jpeg 300w, https:\/\/www.centrocapta.cl\/wp-content\/uploads\/2023\/05\/chile-2-768x512.jpeg 768w, https:\/\/www.centrocapta.cl\/wp-content\/uploads\/2023\/05\/chile-2.jpeg 1086w\" sizes=\"(max-width: 713px) 100vw, 713px\" \/><\/figure>\n\n\n\n<h3 class=\"wp-block-heading\">C\u00e1tedras UNESCO<\/h3>\n\n\n\n<p>Las c\u00e1tedras&nbsp;UNESCO&nbsp;constituyen&nbsp;una iniciativa de esta Organizaci\u00f3n&nbsp;de las&nbsp;Naciones Unidas&nbsp;que tienen como objetivo avanzar y mejorar el desarrollo de la investigaci\u00f3n, la capacitaci\u00f3n y los programas de desarrollo de la&nbsp;educaci\u00f3n superior, a trav\u00e9s de la construcci\u00f3n de redes universitarias, del fomento de la cooperaci\u00f3n interuniversitaria, y de la transferencia de conocimientos.<\/p>\n\n\n\n<p>Contenido: Subdirecci\u00f3n de Comunicaciones FCFM \/Universidad de Calgary<\/p>\n\n\n\n<p class=\"has-text-align-right\">05-04-2023<\/p>\n","protected":false},"excerpt":{"rendered":"<p>La Universidad de Calgary, Canad\u00e1, ser\u00e1 la anfitriona de este programa internacional que estar\u00e1 codirigido por seis investigadores e investigadoras especialistas en el \u00e1rea, uno de ellos el acad\u00e9mico del Departamento de Ingenier\u00eda Civil de la Facultad de Ciencias F\u00edsicas y Matem\u00e1ticas y subdirector del Centro Avanzado para Tecnolog\u00edas del agua -CAPTA- de la U. [&hellip;]<\/p>\n","protected":false},"author":3,"featured_media":2757,"comment_status":"closed","ping_status":"open","sticky":false,"template":"","format":"standard","meta":{"footnotes":""},"categories":[31],"tags":[],"class_list":["post-2755","post","type-post","status-publish","format-standard","has-post-thumbnail","hentry","category-noticia"],"_links":{"self":[{"href":"https:\/\/www.centrocapta.cl\/index.php?rest_route=\/wp\/v2\/posts\/2755","targetHints":{"allow":["GET"]}}],"collection":[{"href":"https:\/\/www.centrocapta.cl\/index.php?rest_route=\/wp\/v2\/posts"}],"about":[{"href":"https:\/\/www.centrocapta.cl\/index.php?rest_route=\/wp\/v2\/types\/post"}],"author":[{"embeddable":true,"href":"https:\/\/www.centrocapta.cl\/index.php?rest_route=\/wp\/v2\/users\/3"}],"replies":[{"embeddable":true,"href":"https:\/\/www.centrocapta.cl\/index.php?rest_route=%2Fwp%2Fv2%2Fcomments&post=2755"}],"version-history":[{"count":2,"href":"https:\/\/www.centrocapta.cl\/index.php?rest_route=\/wp\/v2\/posts\/2755\/revisions"}],"predecessor-version":[{"id":2760,"href":"https:\/\/www.centrocapta.cl\/index.php?rest_route=\/wp\/v2\/posts\/2755\/revisions\/2760"}],"wp:featuredmedia":[{"embeddable":true,"href":"https:\/\/www.centrocapta.cl\/index.php?rest_route=\/wp\/v2\/media\/2757"}],"wp:attachment":[{"href":"https:\/\/www.centrocapta.cl\/index.php?rest_route=%2Fwp%2Fv2%2Fmedia&parent=2755"}],"wp:term":[{"taxonomy":"category","embeddable":true,"href":"https:\/\/www.centrocapta.cl\/index.php?rest_route=%2Fwp%2Fv2%2Fcategories&post=2755"},{"taxonomy":"post_tag","embeddable":true,"href":"https:\/\/www.centrocapta.cl\/index.php?rest_route=%2Fwp%2Fv2%2Ftags&post=2755"}],"curies":[{"name":"wp","href":"https:\/\/api.w.org\/{rel}","templated":true}]}}