{"id":2731,"date":"2023-01-22T13:17:00","date_gmt":"2023-01-22T16:17:00","guid":{"rendered":"https:\/\/www.centrocapta.cl\/?p=2731"},"modified":"2023-05-26T13:17:48","modified_gmt":"2023-05-26T16:17:48","slug":"investigadores-chilenos-desarrollan-la-primera-desaladora-modular-para-recuperar-cultivos-en-la-region-de-valparaiso","status":"publish","type":"post","link":"https:\/\/www.centrocapta.cl\/?p=2731","title":{"rendered":"Investigadores chilenos desarrollan la primera \u201cdesaladora modular\u201d para recuperar cultivos en la regi\u00f3n de Valpara\u00edso"},"content":{"rendered":"\n<p>A mediados del mes de enero, un equipo de investigadores liderados por,\u00a0<strong>Claudio S\u00e1ez<\/strong>, director de\u00a0<strong>Hub Ambiental de la Universidad de Playa Ancha<\/strong>\u00a0e\u00a0<strong>investigador del Centro Avanzado para Tecnolog\u00edas del Agua -CAPTA-<\/strong>, iniciaron la marcha blanca de una desalinzadora m\u00f3vil de uso agr\u00edcola, en un terreno de la localidad de Papudo -playa Las Salinas de Pullally-, con el objetivo de garantizar el suministro h\u00eddrico, a partir de agua salada para el uso agr\u00edcola y as\u00ed recuperar el cultivo de variados hortofrut\u00edcolas .<\/p>\n\n\n\n<figure class=\"wp-block-image size-large\"><img fetchpriority=\"high\" decoding=\"async\" width=\"1024\" height=\"683\" src=\"https:\/\/www.centrocapta.cl\/wp-content\/uploads\/2023\/05\/IMG_0416-1024x683.jpg\" alt=\"\" class=\"wp-image-2735\" srcset=\"https:\/\/www.centrocapta.cl\/wp-content\/uploads\/2023\/05\/IMG_0416-1024x683.jpg 1024w, https:\/\/www.centrocapta.cl\/wp-content\/uploads\/2023\/05\/IMG_0416-300x200.jpg 300w, https:\/\/www.centrocapta.cl\/wp-content\/uploads\/2023\/05\/IMG_0416-768x512.jpg 768w, https:\/\/www.centrocapta.cl\/wp-content\/uploads\/2023\/05\/IMG_0416-1536x1024.jpg 1536w, https:\/\/www.centrocapta.cl\/wp-content\/uploads\/2023\/05\/IMG_0416-2048x1365.jpg 2048w\" sizes=\"(max-width: 1024px) 100vw, 1024px\" \/><\/figure>\n\n\n\n<p>Se trata de un proyecto piloto, que se encuentra a un kil\u00f3metro de la costa de Papudo, y que busca aportar una solucci\u00f3n eficaz para las zonas costeras golpeadas por la sequ\u00eda o por la infiltraci\u00f3n de agua de mar en los pozos subterran\u00e9os utilizados para la agricultura, pero que con el cambio clim\u00e1tico y la falta de lluvias, estos son contaminados con agua salobre impidiendo su uso en el desarrollo de los vegetales.<\/p>\n\n\n\n<p>As\u00ed lo explica el investigador,&nbsp;<strong>Claudio S\u00e1ez<\/strong>, \u201ca modo de ejemplo existen acu\u00edferos de riego que se encuentran cerca de la costa que para su recarga cuentan con aportes de aguas lluvias y de la intrusi\u00f3n marina, a trav\u00e9s de la infiltraci\u00f3n de la tierra desde el mar. Con el tiempo, si llueve menos, el mar suma protagonismo o m\u00e1s fuerza y comienza a rellenar esos pozos con agua salada. Y es lo que est\u00e1 ocurriendo m\u00e1s frecuentemente como uno de los efectos del cambio clim\u00e1tico\u201d.<\/p>\n\n\n\n<p>Debido a este problema, la idea de la desaladora m\u00f3vil, es poder regar los cultivos con agua de mar o de los acu\u00edferos subterr\u00e1neos extrayendo la sal para el riego de los cultivos.<\/p>\n\n\n\n<p>Agrega, \u201cla comunidad, donde est\u00e1 emplazada la desalinizadora m\u00f3vil, son los \u00faltimos reductos de agricultura familiar campesina de la zona costera de la Regi\u00f3n de Valpara\u00edso. Ellos trabajaban distintos tipos de cultivos como la frutilla, pero que con el tiempo tuvieron que dejar de cultivarla debido a la poca resistencia que tiene esta fruta con el agua salinizada de los pozos y restringir su matriz productiva, afectando las econom\u00edas del sector. Sin embargo, con esta iniciativa se ha podido retomar cultivos, como las mismas frutillas\u201d.<\/p>\n\n\n\n<p>Por ahora, el<strong>\u00a0uso de agua desalada en la agricultura masiva es casi nula en Chile: existen 24 desaladoras operando, cuyas aguas se usan en un 83% a operaciones mineras y en otro 17% para agua potable\u00a0<\/strong>de consumo humano.<\/p>\n\n\n\n<figure class=\"wp-block-image size-large\"><img decoding=\"async\" width=\"1024\" height=\"683\" src=\"https:\/\/www.centrocapta.cl\/wp-content\/uploads\/2023\/05\/IMG_0478-1-1024x683.jpg\" alt=\"\" class=\"wp-image-2734\" srcset=\"https:\/\/www.centrocapta.cl\/wp-content\/uploads\/2023\/05\/IMG_0478-1-1024x683.jpg 1024w, https:\/\/www.centrocapta.cl\/wp-content\/uploads\/2023\/05\/IMG_0478-1-300x200.jpg 300w, https:\/\/www.centrocapta.cl\/wp-content\/uploads\/2023\/05\/IMG_0478-1-768x512.jpg 768w, https:\/\/www.centrocapta.cl\/wp-content\/uploads\/2023\/05\/IMG_0478-1-1536x1024.jpg 1536w, https:\/\/www.centrocapta.cl\/wp-content\/uploads\/2023\/05\/IMG_0478-1-2048x1365.jpg 2048w\" sizes=\"(max-width: 1024px) 100vw, 1024px\" \/><\/figure>\n\n\n\n<p>La desaladora m\u00f3vil desarrollada por los investigadores del Hub Ambiental es&nbsp;<strong>capaz de aportar cinco litros de agua por segundo<\/strong>&nbsp;apta para cultivos de vegetales y frutas, y se &nbsp;ha comenzado con experimentos en frutillas y quinoa, &nbsp;para prontamente ampliarlo a tomates, tunas y muchos otros en la regi\u00f3n de Valpara\u00edso.<\/p>\n\n\n\n<p>\u201cPor lo mismo, esperamos que este&nbsp;<strong>proyecto pueda sentar las bases del uso de la desalaci\u00f3n como estrategia complementaria de la matriz h\u00eddrica para uso en agricultura. Incluso en preparaci\u00f3n para abastecer la agricultura en zonas interiores con las grandes desaladoras del futuro\u201d, enfatiza el experto y lider de la investigaci\u00f3n.<\/strong><\/p>\n\n\n\n<p>\u201cEn cuanto a alcance la desaladora m\u00f3vil es capaz de entregar agua a 8 hect\u00e1reas en cultivo abierto, pero con el tiempo, esperamos probar la tecnolog\u00eda en otros tipos de formato de cultivos, como el de invernadero e hidrop\u00f3nicos en la medidas que se obtengamos mayores recursos econ\u00f3micos para desarrollar la investigaci\u00f3n\u201d, resalta el investigador de CAPTA.<\/p>\n\n\n\n<p class=\"has-text-align-right\">22-01-2023<\/p>\n","protected":false},"excerpt":{"rendered":"<p>A mediados del mes de enero, un equipo de investigadores liderados por,\u00a0Claudio S\u00e1ez, director de\u00a0Hub Ambiental de la Universidad de Playa Ancha\u00a0e\u00a0investigador del Centro Avanzado para Tecnolog\u00edas del Agua -CAPTA-, iniciaron la marcha blanca de una desalinzadora m\u00f3vil de uso agr\u00edcola, en un terreno de la localidad de Papudo -playa Las Salinas de Pullally-, con [&hellip;]<\/p>\n","protected":false},"author":3,"featured_media":2733,"comment_status":"closed","ping_status":"open","sticky":false,"template":"","format":"standard","meta":{"footnotes":""},"categories":[31,1],"tags":[],"class_list":["post-2731","post","type-post","status-publish","format-standard","has-post-thumbnail","hentry","category-noticia","category-sin-categoria"],"_links":{"self":[{"href":"https:\/\/www.centrocapta.cl\/index.php?rest_route=\/wp\/v2\/posts\/2731","targetHints":{"allow":["GET"]}}],"collection":[{"href":"https:\/\/www.centrocapta.cl\/index.php?rest_route=\/wp\/v2\/posts"}],"about":[{"href":"https:\/\/www.centrocapta.cl\/index.php?rest_route=\/wp\/v2\/types\/post"}],"author":[{"embeddable":true,"href":"https:\/\/www.centrocapta.cl\/index.php?rest_route=\/wp\/v2\/users\/3"}],"replies":[{"embeddable":true,"href":"https:\/\/www.centrocapta.cl\/index.php?rest_route=%2Fwp%2Fv2%2Fcomments&post=2731"}],"version-history":[{"count":2,"href":"https:\/\/www.centrocapta.cl\/index.php?rest_route=\/wp\/v2\/posts\/2731\/revisions"}],"predecessor-version":[{"id":2736,"href":"https:\/\/www.centrocapta.cl\/index.php?rest_route=\/wp\/v2\/posts\/2731\/revisions\/2736"}],"wp:featuredmedia":[{"embeddable":true,"href":"https:\/\/www.centrocapta.cl\/index.php?rest_route=\/wp\/v2\/media\/2733"}],"wp:attachment":[{"href":"https:\/\/www.centrocapta.cl\/index.php?rest_route=%2Fwp%2Fv2%2Fmedia&parent=2731"}],"wp:term":[{"taxonomy":"category","embeddable":true,"href":"https:\/\/www.centrocapta.cl\/index.php?rest_route=%2Fwp%2Fv2%2Fcategories&post=2731"},{"taxonomy":"post_tag","embeddable":true,"href":"https:\/\/www.centrocapta.cl\/index.php?rest_route=%2Fwp%2Fv2%2Ftags&post=2731"}],"curies":[{"name":"wp","href":"https:\/\/api.w.org\/{rel}","templated":true}]}}