{"id":2582,"date":"2022-10-20T10:29:34","date_gmt":"2022-10-20T13:29:34","guid":{"rendered":"https:\/\/www.centrocapta.cl\/?p=2582"},"modified":"2022-10-20T19:35:06","modified_gmt":"2022-10-20T22:35:06","slug":"capta-nombra-a-dos-nuevas-directoras-del-consorcio","status":"publish","type":"post","link":"https:\/\/www.centrocapta.cl\/?p=2582","title":{"rendered":"CAPTA nombra a dos nuevas directoras del Consorcio"},"content":{"rendered":"\n<p>Dos destacadas profesionales asumen la nueva direcci\u00f3n del <strong>Centro Avanzado para Tecnolog\u00edas del Agua, -CAPTA<\/strong>-. Centro liderado por la Universidad de Chile en colaboraci\u00f3n con las Universidades de Playa Ancha y De Atacama. Y que cuenta con el apoyo de La Corporaci\u00f3n de Fomento de la Producci\u00f3n -Corfo- y empresas asociadas. Se trata de la acad\u00e9mica del Departamento de Geolog\u00eda de la Universidad de Chile, <strong>Linda Daniele<\/strong> y la ingeniera <strong>Mar\u00eda Ignacia Orell<\/strong>, quienes ser\u00e1n las encargadas de liderar las decisiones en una nueva etapa de gesti\u00f3n.<\/p>\n\n\n\n<p>Gracias a sus <strong>competencias, talentos y trayectorias<\/strong>, a partir del semestre de primavera 2022 asumen como <strong>directora acad\u00e9mica<\/strong> de CAPTA, la profesora y doctora en Hidrogeolog\u00eda, <strong>Linda Daniele<\/strong>. Y la ingeniera en Recursos Naturales Renovables y m\u00e1ster en Recursos y Medio Ambiente H\u00eddrico, <strong>Mar\u00eda Ignacia Orell<\/strong>, como <strong>directora ejecutiva<\/strong> del Consorcio.<\/p>\n\n\n\n<p>Despu\u00e9s de dos a\u00f1os de funcionamiento, el <strong>Centro Avanzado para Tecnolog\u00edas del Agua -CAPTA-<\/strong>, en la b\u00fasqueda incansable de contribuir a la soluci\u00f3n de los problemas que presenta el sistema de gesti\u00f3n de recursos h\u00eddricos a nivel nacional, tom\u00f3 la decisi\u00f3n de avanzar con nuevas propuestas para cumplir con los desaf\u00edos y necesidades del Consorcio que se presentar\u00e1n en una segunda etapa de crecimiento.<\/p>\n\n\n\n<p><strong>Una nueva etapa<\/strong><\/p>\n\n\n\n<figure class=\"wp-block-image alignleft size-large is-resized\"><img decoding=\"async\" src=\"https:\/\/www.centrocapta.cl\/wp-content\/uploads\/2022\/10\/Linda-Daniele-direccio\u0301n-756x1024.jpeg\" alt=\"\" class=\"wp-image-2584\" width=\"183\" height=\"248\" srcset=\"https:\/\/www.centrocapta.cl\/wp-content\/uploads\/2022\/10\/Linda-Daniele-direccio\u0301n-756x1024.jpeg 756w, https:\/\/www.centrocapta.cl\/wp-content\/uploads\/2022\/10\/Linda-Daniele-direccio\u0301n-221x300.jpeg 221w, https:\/\/www.centrocapta.cl\/wp-content\/uploads\/2022\/10\/Linda-Daniele-direccio\u0301n-768x1040.jpeg 768w, https:\/\/www.centrocapta.cl\/wp-content\/uploads\/2022\/10\/Linda-Daniele-direccio\u0301n-1134x1536.jpeg 1134w, https:\/\/www.centrocapta.cl\/wp-content\/uploads\/2022\/10\/Linda-Daniele-direccio\u0301n-1512x2048.jpeg 1512w, https:\/\/www.centrocapta.cl\/wp-content\/uploads\/2022\/10\/Linda-Daniele-direccio\u0301n.jpeg 1805w\" sizes=\"(max-width: 183px) 100vw, 183px\" \/><figcaption>Linda Daniele, directora acad\u00e9mica de CAPTA.<\/figcaption><\/figure>\n\n\n\n<p>\u201cSiempre es dificil asumir un nuevo desaf\u00edo, pero s\u00e9 que puedo contar con todo el apoyo y la ayuda de los integrantes del Consorcio. Por lo mismo, espero que el cambio sea fluido y basado en una permanente conversaci\u00f3n con quienes conformamos el CAPTA, el cual es la suma de un arduo trabajo, por parte de quienes creyeron y creen en este proyecto\u201d. Menciona la directora acad\u00e9mica, <strong>Linda Daniele<\/strong>.<\/p>\n\n\n\n<p>Por su parte, <strong>Mar\u00eda Ignacia Orell<\/strong>, directora ejecutiva,destaca que los principalesdesaf\u00edos \u201csiempre deben ser de car\u00e1cter humano, en el sentido de fortalecer el esp\u00edritu de equipo; afianzar lazos y mejorar la comunicaci\u00f3n de pertenencia con el Consorcio. As\u00ed mismo, es importente fortalecer la interacci\u00f3n entre las tres universidades co-ejecutoras, sus socios e interesados\u201d.<\/p>\n\n\n\n<p><strong>El trabajo de Capta<\/strong><\/p>\n\n\n\n<p><strong>Linda Daniele<\/strong>, \u201csin duda alguna, hacer crecer a CAPTA es un trabajo de mucho esfuerzo, desde las primeras etapas del Consorcio, por parte de muchas personas, particularmente de nuestro primer director<strong>, James McPhee, <\/strong>quienes hasta ahora, con perseverancia, han logrado convergera los actores m\u00e1s relevantes en materia de agua dando los primeros pasos de un polo de investigaci\u00f3n y desarrollo tecnol\u00f3gico en temas de agua. Por lo mismo, quiero vislumbrar un Centro que se fortalezca con el tiempo, y se convierta en un epicentro de ideas y conocimiento, que aporten a los desaf\u00edos h\u00eddricos del presente y del futuro. Mejorando la actual situaci\u00f3n h\u00eddrica del pa\u00eds.\u201d<\/p>\n\n\n\n<figure class=\"wp-block-image alignright size-large is-resized\"><img decoding=\"async\" src=\"https:\/\/www.centrocapta.cl\/wp-content\/uploads\/2022\/10\/Mari\u0301a-Ignacia-direccio\u0301n-756x1024.jpeg\" alt=\"\" class=\"wp-image-2585\" width=\"181\" height=\"245\" srcset=\"https:\/\/www.centrocapta.cl\/wp-content\/uploads\/2022\/10\/Mari\u0301a-Ignacia-direccio\u0301n-756x1024.jpeg 756w, https:\/\/www.centrocapta.cl\/wp-content\/uploads\/2022\/10\/Mari\u0301a-Ignacia-direccio\u0301n-221x300.jpeg 221w, https:\/\/www.centrocapta.cl\/wp-content\/uploads\/2022\/10\/Mari\u0301a-Ignacia-direccio\u0301n-768x1040.jpeg 768w, https:\/\/www.centrocapta.cl\/wp-content\/uploads\/2022\/10\/Mari\u0301a-Ignacia-direccio\u0301n-1134x1536.jpeg 1134w, https:\/\/www.centrocapta.cl\/wp-content\/uploads\/2022\/10\/Mari\u0301a-Ignacia-direccio\u0301n-1512x2048.jpeg 1512w, https:\/\/www.centrocapta.cl\/wp-content\/uploads\/2022\/10\/Mari\u0301a-Ignacia-direccio\u0301n.jpeg 1805w\" sizes=\"(max-width: 181px) 100vw, 181px\" \/><figcaption>Mar\u00eda Ignacia Orell, directora ejecutiva de CAPTA.<\/figcaption><\/figure>\n\n\n\n<p><strong>Mar\u00eda Ignacia Orell<\/strong>. \u201cTambi\u00e9n, hay que destacar que es importante concretar el avance de los proyectos en desarrollo, la constante revisi\u00f3n de metas y el cumplimiento de objetivos. Por lo mismo, esperamos que durante el a\u00f1o 2023 los proyectos puedan terminar el desarrollo de sus prototipos o bienes p\u00fablicos, de manera que el 2024 sea un a\u00f1o enfocado en la transferencia tecnol\u00f3gica, protecci\u00f3n de resultados, difusi\u00f3n, e idealmente comience una segunda etapa de escalamiento y mejora continua en beneficio de la comunidad para continuar creciendo como Centro\u201d.<\/p>\n\n\n\n<p><strong>Pr\u00f3ximos desaf\u00edos.<\/strong><\/p>\n\n\n\n<p>La directora ejecutiva menciona que \u201cCAPTA integra el mundo de la academia, con el \u00e1mbito p\u00fablico y empresarial, por lo mismo mi principal expectativa es que seamos un puente que ayude a cerrar las brechas entre estos mundos, donde la Universidad genere conocimiento que aporte de manera efectiva y directa a la toma de decisiones en torno al recurso h\u00eddrico, y trabaje colaborativamente con el mundo empresarial en el desarrollo de nuevas tecnolog\u00edas. <strong>Con ello, espero que CAPTA sea reconocido en la investigaci\u00f3n y transferencia de tecnolog\u00edas en torno al agua, a nivel nacional e internacional<\/strong>\u201d.<\/p>\n\n\n\n<p>Contin\u00faa <strong>Mar\u00eda Ignacia<\/strong> <strong>Orell<\/strong>, \u201cAdem\u00e1s, me encuentro muy entusiasmada con este tremendo desaf\u00edo que me tocar\u00e1 liderar en conjunto con la Directora Acad\u00e9mica <strong>Linda Daniele<\/strong>. Creo que es el espacio ideal para aportar con mi experiencia y capacidades, tanto en el \u00e1mbito espec\u00edfico del agua, como en la coordinaci\u00f3n de equipos de trabajo y comunicaci\u00f3n con m\u00faltiples actores en torno a este tema de importancia mundial\u201d.<\/p>\n\n\n\n<p>Finalmente, <strong>Linda Daniele<\/strong> destaca.\u201cQuiero rescatar todo lo bueno de este proyecto que es muy ambicioso. Deseo que todos los que puedan y quieren aportar se sumen enriqueciendo el Centro con ideas e iniciativas, pero tambi\u00e9n que ayuden a generar un entorno humano y profesional con altos valores \u00e9ticos que permitan avanzar en todos los aspectos t\u00e9cnicos y educativos, sin perder de vista lo que el agua representa para nuestra especie, con todas sus necesidades, as\u00ed como para los ecosistemas y el planeta que habitamos\u201d.<\/p>\n\n\n\n<p>El Centro Avanzado para Tecnolog\u00edas del Agua -CAPTA-, les desea mucho \u00e9xito al nuevo equipo directivo y a <strong>James McPhee<\/strong>, quien continuar\u00e1 como nuestro subdirector.<\/p>\n\n\n\n<figure class=\"wp-block-image aligncenter size-full is-resized\"><img decoding=\"async\" src=\"https:\/\/www.centrocapta.cl\/wp-content\/uploads\/2022\/10\/LOGOS-TRANSPARENTE.png\" alt=\"\" class=\"wp-image-2637\" width=\"426\" height=\"64\" srcset=\"https:\/\/www.centrocapta.cl\/wp-content\/uploads\/2022\/10\/LOGOS-TRANSPARENTE.png 567w, https:\/\/www.centrocapta.cl\/wp-content\/uploads\/2022\/10\/LOGOS-TRANSPARENTE-300x45.png 300w\" sizes=\"(max-width: 426px) 100vw, 426px\" \/><\/figure>\n\n\n\n<figure class=\"wp-block-image aligncenter size-full\"><img loading=\"lazy\" decoding=\"async\" width=\"500\" height=\"200\" src=\"https:\/\/www.centrocapta.cl\/wp-content\/uploads\/2022\/10\/FONDO-ACTA.png\" alt=\"\" class=\"wp-image-2634\" srcset=\"https:\/\/www.centrocapta.cl\/wp-content\/uploads\/2022\/10\/FONDO-ACTA.png 500w, https:\/\/www.centrocapta.cl\/wp-content\/uploads\/2022\/10\/FONDO-ACTA-300x120.png 300w\" sizes=\"(max-width: 500px) 100vw, 500px\" \/><\/figure>\n\n\n\n<p><\/p>\n\n\n\n<p class=\"has-text-align-right\">20\/10\/2022<\/p>\n","protected":false},"excerpt":{"rendered":"<p>Dos destacadas profesionales asumen la nueva direcci\u00f3n del Centro Avanzado para Tecnolog\u00edas del Agua, -CAPTA-. Centro liderado por la Universidad de Chile en colaboraci\u00f3n con las Universidades de Playa Ancha y De Atacama. Y que cuenta con el apoyo de La Corporaci\u00f3n de Fomento de la Producci\u00f3n -Corfo- y empresas asociadas. Se trata de la [&hellip;]<\/p>\n","protected":false},"author":3,"featured_media":2589,"comment_status":"closed","ping_status":"open","sticky":false,"template":"","format":"standard","meta":{"footnotes":""},"categories":[31],"tags":[],"class_list":["post-2582","post","type-post","status-publish","format-standard","has-post-thumbnail","hentry","category-noticia"],"_links":{"self":[{"href":"https:\/\/www.centrocapta.cl\/index.php?rest_route=\/wp\/v2\/posts\/2582","targetHints":{"allow":["GET"]}}],"collection":[{"href":"https:\/\/www.centrocapta.cl\/index.php?rest_route=\/wp\/v2\/posts"}],"about":[{"href":"https:\/\/www.centrocapta.cl\/index.php?rest_route=\/wp\/v2\/types\/post"}],"author":[{"embeddable":true,"href":"https:\/\/www.centrocapta.cl\/index.php?rest_route=\/wp\/v2\/users\/3"}],"replies":[{"embeddable":true,"href":"https:\/\/www.centrocapta.cl\/index.php?rest_route=%2Fwp%2Fv2%2Fcomments&post=2582"}],"version-history":[{"count":8,"href":"https:\/\/www.centrocapta.cl\/index.php?rest_route=\/wp\/v2\/posts\/2582\/revisions"}],"predecessor-version":[{"id":2638,"href":"https:\/\/www.centrocapta.cl\/index.php?rest_route=\/wp\/v2\/posts\/2582\/revisions\/2638"}],"wp:featuredmedia":[{"embeddable":true,"href":"https:\/\/www.centrocapta.cl\/index.php?rest_route=\/wp\/v2\/media\/2589"}],"wp:attachment":[{"href":"https:\/\/www.centrocapta.cl\/index.php?rest_route=%2Fwp%2Fv2%2Fmedia&parent=2582"}],"wp:term":[{"taxonomy":"category","embeddable":true,"href":"https:\/\/www.centrocapta.cl\/index.php?rest_route=%2Fwp%2Fv2%2Fcategories&post=2582"},{"taxonomy":"post_tag","embeddable":true,"href":"https:\/\/www.centrocapta.cl\/index.php?rest_route=%2Fwp%2Fv2%2Ftags&post=2582"}],"curies":[{"name":"wp","href":"https:\/\/api.w.org\/{rel}","templated":true}]}}