{"id":2409,"date":"2022-06-17T09:00:00","date_gmt":"2022-06-17T12:00:00","guid":{"rendered":"https:\/\/www.centrocapta.cl\/?p=2409"},"modified":"2022-06-16T23:01:56","modified_gmt":"2022-06-17T02:01:56","slug":"sequia-en-chile-una-preocupacion-y-una-necesaria-reflexion-de-nuestro-futuro-hidrico%ef%bf%bc","status":"publish","type":"post","link":"https:\/\/www.centrocapta.cl\/?p=2409","title":{"rendered":"Sequ\u00eda en Chile: Una preocupaci\u00f3n y una necesaria reflexi\u00f3n de nuestro futuro h\u00eddrico\ufffc"},"content":{"rendered":"\n<p class=\"has-vivid-cyan-blue-color has-text-color\"><strong>Superando juntos la sequ\u00eda<\/strong> <\/p>\n\n\n\n<p class=\"has-black-color has-text-color\">17 de junio: <strong>&#8220;D\u00eda Internacional contra la Desertificaci\u00f3n y Sequ\u00eda&#8221;. \u00a0<\/strong>\u00a0\u00a0\u00a0\u00a0<\/p>\n\n\n\n<p>Chile atraviesa la m\u00e1s&nbsp;<strong>profunda y extensa sequ\u00eda<\/strong>&nbsp;de su historia. Nunca antes el pa\u00eds hab\u00eda sufrido una condici\u00f3n de escasez h\u00eddrica como la que estamos viviendo, sobre todo la zona comprendida entre Atacama y La Araucan\u00eda. Enfrentar esto&nbsp;<strong>es un trabajo de todos<\/strong>&nbsp;como sociedad.<\/p>\n\n\n\n<p>A modo de ejemplo, hasta hace veinte a\u00f1os, el embalse de Pe\u00f1uelas, en el centro de Chile, era la principal fuente de agua de la ciudad de Valpara\u00edso. Hoy, el espejo de agua pr\u00e1cticamente ha desaparecido.\u00a0\u00a0\u00a0\u00a0 <\/p>\n\n\n\n<p>Al mismo tiempo, a mediados de 2021 el Gobierno de Chile, present\u00f3 el \u201cPlan Sequ\u00eda\u201d que busca aumentar la disponibilidad de agua y mejorar la eficiencia en su uso, con lo cual se busca asegurar el abastecimiento para el consumo humano y la producci\u00f3n de alimentos.\u00a0\u00a0\u00a0<\/p>\n\n\n\n<p>Al respecto nuestro director, <strong>James McPhee<\/strong>, reflexiona sobre la importancia del uso de nuestro recurso h\u00eddrico y proyecciones que deber\u00edamos tener a futuro en nuestro pa\u00eds en el marco del &#8220;<strong>D\u00eda Internacional contra la Desertificaci\u00f3n y Sequ\u00eda<\/strong>&#8220;. \u00a0\u00a0\u00a0\u00a0\u00a0<\/p>\n\n\n\n<figure class=\"wp-block-image alignleft size-full is-resized\"><img fetchpriority=\"high\" decoding=\"async\" src=\"https:\/\/www.centrocapta.cl\/wp-content\/uploads\/2020\/10\/James-McPhee--e1603042632324.jpeg\" alt=\"\" class=\"wp-image-1107\" width=\"232\" height=\"233\" srcset=\"https:\/\/www.centrocapta.cl\/wp-content\/uploads\/2020\/10\/James-McPhee--e1603042632324.jpeg 499w, https:\/\/www.centrocapta.cl\/wp-content\/uploads\/2020\/10\/James-McPhee--e1603042632324-300x300.jpeg 300w, https:\/\/www.centrocapta.cl\/wp-content\/uploads\/2020\/10\/James-McPhee--e1603042632324-150x150.jpeg 150w\" sizes=\"(max-width: 232px) 100vw, 232px\" \/><figcaption>James McPhee<\/figcaption><\/figure>\n\n\n\n<p>&#8220;Con oportunidad de esta fecha, es relevante meditar sobre la naturaleza de los fen\u00f3menos que se destacan. Por una parte, la sequ\u00eda es un evento extremo, es decir, representa condiciones an\u00f3malas de falta de agua, seg\u00fan una serie de definiciones t\u00e9cnicas y respecto de las condiciones usuales en una regi\u00f3n. Por otro lado, la desertificaci\u00f3n es un proceso, que usualmente progresa en el tiempo y va incorporando territorios a una nueva condici\u00f3n de \u201cnormalidad\u201d, con menores disponibilidades de agua en general, y con un factor relevante de degradaci\u00f3n de suelos. La evidencia cient\u00edfica indica que ambos procesos se ven acelerados y agravados por el calentamiento global de origen antr\u00f3pico&#8221;. <\/p>\n\n\n\n<p>&#8220;<strong>Entonces, es necesario preguntarnos<\/strong>, como sociedad en su conjunto, qu\u00e9 estrategias adoptar para hacer frente a estos fen\u00f3menos&#8221;. <\/p>\n\n\n\n<p>&#8220;Hacer frente a la sequ\u00eda involucra tomar medidas extraordinarias, que posiblemente sean espec\u00edficas a la condici\u00f3n extrema. Estar preparados para una sequ\u00eda y combatir la desertificaci\u00f3n, por otro lado, requiere identificar acciones estructurales, de planificaci\u00f3n, que afectan el sistema en el largo plazo&#8221;. <\/p>\n\n\n\n<p>&#8220;Como se ha dicho en m\u00faltiples espacios, las soluciones tecnol\u00f3gicas son insuficientes si no se acompa\u00f1an de gobernanza adecuada, y al mismo tiempo, las estrategias de gesti\u00f3n requieren, muchas veces, de tecnolog\u00eda innovadora para su implementaci\u00f3n. Desde el <strong>Centro Avanzado para Tecnolog\u00edas del Agua, CAPTA<\/strong>, <strong>estamos comprometidos en contribuir a facilitar la incorporaci\u00f3n de tecnolog\u00edas<\/strong>, entendiendo que la soluci\u00f3n a los desaf\u00edos del agua es necesariamente multidisciplinar, basada en el conocimiento, y que pasa por la generaci\u00f3n de acuerdos sociales en m\u00faltiples niveles, desde lo local a lo nacional&#8221;.\u00a0<\/p>\n\n\n\n<p><a rel=\"noreferrer noopener\" href=\"https:\/\/www.un.org\/es\/observances\/desertification-day\" target=\"_blank\">M\u00e1s informaci\u00f3n <\/a><a rel=\"noreferrer noopener\" href=\"https:\/\/www.un.org\/es\/observances\/desertification-day\" target=\"_blank\">e<\/a><a rel=\"noreferrer noopener\" href=\"https:\/\/www.un.org\/es\/observances\/desertification-day\" target=\"_blank\">n<\/a><a rel=\"noreferrer noopener\" href=\"https:\/\/www.un.org\/es\/observances\/desertification-day\" target=\"_blank\"> el sitio web de <\/a><a rel=\"noreferrer noopener\" href=\"https:\/\/www.un.org\/es\/observances\/desertification-day\" target=\"_blank\">Naciones Unidas<\/a><\/p>\n\n\n\n<p class=\"has-text-align-right\"><strong>17-06-2022<\/strong><\/p>\n","protected":false},"excerpt":{"rendered":"<p>Superando juntos la sequ\u00eda 17 de junio: &#8220;D\u00eda Internacional contra la Desertificaci\u00f3n y Sequ\u00eda&#8221;. \u00a0\u00a0\u00a0\u00a0\u00a0 Chile atraviesa la m\u00e1s&nbsp;profunda y extensa sequ\u00eda&nbsp;de su historia. Nunca antes el pa\u00eds hab\u00eda sufrido una condici\u00f3n de escasez h\u00eddrica como la que estamos viviendo, sobre todo la zona comprendida entre Atacama y La Araucan\u00eda. Enfrentar esto&nbsp;es un trabajo de [&hellip;]<\/p>\n","protected":false},"author":3,"featured_media":2414,"comment_status":"closed","ping_status":"open","sticky":false,"template":"","format":"standard","meta":{"footnotes":""},"categories":[31],"tags":[],"class_list":["post-2409","post","type-post","status-publish","format-standard","has-post-thumbnail","hentry","category-noticia"],"_links":{"self":[{"href":"https:\/\/www.centrocapta.cl\/index.php?rest_route=\/wp\/v2\/posts\/2409","targetHints":{"allow":["GET"]}}],"collection":[{"href":"https:\/\/www.centrocapta.cl\/index.php?rest_route=\/wp\/v2\/posts"}],"about":[{"href":"https:\/\/www.centrocapta.cl\/index.php?rest_route=\/wp\/v2\/types\/post"}],"author":[{"embeddable":true,"href":"https:\/\/www.centrocapta.cl\/index.php?rest_route=\/wp\/v2\/users\/3"}],"replies":[{"embeddable":true,"href":"https:\/\/www.centrocapta.cl\/index.php?rest_route=%2Fwp%2Fv2%2Fcomments&post=2409"}],"version-history":[{"count":10,"href":"https:\/\/www.centrocapta.cl\/index.php?rest_route=\/wp\/v2\/posts\/2409\/revisions"}],"predecessor-version":[{"id":2420,"href":"https:\/\/www.centrocapta.cl\/index.php?rest_route=\/wp\/v2\/posts\/2409\/revisions\/2420"}],"wp:featuredmedia":[{"embeddable":true,"href":"https:\/\/www.centrocapta.cl\/index.php?rest_route=\/wp\/v2\/media\/2414"}],"wp:attachment":[{"href":"https:\/\/www.centrocapta.cl\/index.php?rest_route=%2Fwp%2Fv2%2Fmedia&parent=2409"}],"wp:term":[{"taxonomy":"category","embeddable":true,"href":"https:\/\/www.centrocapta.cl\/index.php?rest_route=%2Fwp%2Fv2%2Fcategories&post=2409"},{"taxonomy":"post_tag","embeddable":true,"href":"https:\/\/www.centrocapta.cl\/index.php?rest_route=%2Fwp%2Fv2%2Ftags&post=2409"}],"curies":[{"name":"wp","href":"https:\/\/api.w.org\/{rel}","templated":true}]}}