{"id":2367,"date":"2022-05-11T23:37:32","date_gmt":"2022-05-12T02:37:32","guid":{"rendered":"https:\/\/www.centrocapta.cl\/?p=2367"},"modified":"2022-05-11T23:37:34","modified_gmt":"2022-05-12T02:37:34","slug":"seminariodesarrollo-sustentabilidad-y-tecnologia-expertos-y-autoridades-abordan-desafios-en-torno-al-agua","status":"publish","type":"post","link":"https:\/\/www.centrocapta.cl\/?p=2367","title":{"rendered":"Seminario:Desarrollo, Sustentabilidad y Tecnolog\u00eda: expertos y autoridades abordan desaf\u00edos en torno al agua"},"content":{"rendered":"\n<p><em>Propuestas para enfrentar la escasez h\u00eddrica<\/em><\/p>\n\n\n\n<p>Profundizar sobre los problemas relacionados a la escasez de este recurso, sus actuales usos y los retos a futuro, desde una visi\u00f3n integral y sustentable, fueron los ejes del seminario realizado por la Prorrector\u00eda de la Universidad de Chile y el Centro Avanzado para Tecnolog\u00edas del Agua (CAPTA). La actividad cont\u00f3 con la participaci\u00f3n del ministro de Ciencia, Tecnolog\u00eda, Conocimiento e Innovaci\u00f3n, <strong>Flavio Salazar<\/strong>; su par de Medio Ambiente, <strong>Maisa Rojas<\/strong>; los expertos de <strong>Israel Yechezkel Lifshitz<\/strong> y <strong>Diego Berger<\/strong>, adem\u00e1s de acad\u00e9micos, acad\u00e9micas e investigadores de las instituciones organizadoras.<\/p>\n\n\n\n<p>\u201cAgua: Desarrollo, Sustentabilidad y Tecnolog\u00eda\u201d fue el t\u00edtulo del seminario realizado en el Sal\u00f3n de Honor de la Casa Central de la Universidad de Chile este martes 10 de mayo. El encuentro, organizado por\u00a0la <strong>Prorrector\u00eda de la Universidad de Chile<\/strong> y el <strong>Centro Avanzado para Tecnolog\u00edas del Agua (CAPTA)<\/strong>, busc\u00f3 profundizar sobre el uso de este recurso h\u00eddrico y los desaf\u00edos asociados, desde una visi\u00f3n integral y sustentable.<\/p>\n\n\n\n<p>La actividad fue encabezada por el ministro de Ciencia, Tecnolog\u00eda, Conocimiento e Innovaci\u00f3n,&nbsp;<strong>Flavio Salazar<\/strong>;&nbsp;la ministra de Medio Ambiente,&nbsp;<strong>Maisa Rojas<\/strong>; el Prorrector de la Universidad de Chile,&nbsp;<strong>Alejandro Jofr\u00e9<\/strong>; y el vicedecano de la Facultad de Ciencias F\u00edsicas y Matem\u00e1ticas de nuestro plantel,&nbsp;<strong>James McPhee<\/strong>. Adem\u00e1s, el seminario cont\u00f3 con la visita de dos expertos de Israel,&nbsp;<strong>Yechezkel Lifshitz<\/strong>, Autoridad del Agua, quien habl\u00f3 sobre \u201cGesti\u00f3n y gobernanza de recursos h\u00eddricos\u201d, y su par&nbsp;<strong>Diego Berger<\/strong>, quien realiz\u00f3 la presentaci\u00f3n \u201cDesalinizaci\u00f3n. Desaf\u00edos, implementaci\u00f3n y proyecciones&#8221;.<\/p>\n\n\n\n<p>Al inicio del encuentro, el<strong>\u00a0<\/strong>Prorrector de la Universidad de Chile, <strong>Alejandro Jofr\u00e9<\/strong>, valor\u00f3 el espacio y la colaboraci\u00f3n dada para la realizaci\u00f3n de este evento, se\u00f1alando que \u201ces fundamental poder poner en un seminario abierto y acad\u00e9mico los elementos necesarios para poder seguir avanzando en pol\u00edticas p\u00fablicas, en la soluci\u00f3n de los grandes desaf\u00edos, en particular en el tema de agua\u201d. Adem\u00e1s, recalc\u00f3 que \u201c<strong>Chile tiene una gran oportunidad en el tema de mostrar al mundo una soluci\u00f3n innovadora, y a la vez inclusiva, pensando en el desarrollo de la sociedad en el tema del agua<\/strong>. Tenemos una bonita oportunidad de ser un pa\u00eds con una energ\u00eda cada vez m\u00e1s verde\u201d.<\/p>\n\n\n\n<p>La ministra <strong>Maisa Rojas<\/strong>\u00a0-a trav\u00e9s de un video- destac\u00f3 la oportunidad de discutir en torno a la escasez h\u00eddrica. \u201cLas universidades y centros de investigaci\u00f3n juegan un rol fundamental para abordar este desaf\u00edo, por su continuo aporte a la generaci\u00f3n de conocimiento que fortalece la discusi\u00f3n y la definici\u00f3n de pol\u00edticas p\u00fablicas, as\u00ed como el desarrollo tecnol\u00f3gico para aumentar la eficiencia en el uso del agua, y la b\u00fasqueda de nuevas fuentes o sistemas de monitoreo para hacer m\u00e1s eficiente y sostenible el uso del agua\u201d, afirm\u00f3.<\/p>\n\n\n\n<p>Por otra parte, agreg\u00f3, \u201c<strong>debemos reconocer que Chile enfrenta un escenario de escasez h\u00eddrica y que, de acuerdo a las proyecciones, ser\u00e1 cada vez m\u00e1s seco. Por lo tanto nuestro desaf\u00edo hoy es adaptarnos ante este escenario para lograr la seguridad h\u00eddrica<\/strong>, para lo cual es ineludible lograr un desarrollo sostenible que incluya a todos y todas guiados por los principios de equidad y justicia\u201d.<\/p>\n\n\n\n<p>Por su parte, el ministro de Ciencia, Tecnolog\u00eda, Conocimiento e Innovaci\u00f3n, <strong>Flavio Salazar<\/strong>,\u00a0destac\u00f3 que \u201cdesde el Gobierno hemos identificados algunos temas cruciales de corto plazo, tales como abordar la crisis h\u00eddrica por los impactos que tienen en la vida de las personas, pero tambi\u00e9n existe una mirada de sustentabilidad de largo plazo en la que nosotros\u00a0<strong>estamos tratando de establecer en una nueva estrategia para el desarrollo del pa\u00eds basada en la sostenibilidad<\/strong>\u201d. Por lo tanto, dijo, \u201clos temas medioambientales, particularmente el agua, es un tema central para nosotros. Por ello estamos aqu\u00ed, para poder colaborar y avanzar en estos desaf\u00edos que son relevantes para todas y todos\u201d.<\/p>\n\n\n\n<p>Durante el seminario, el primero de otros encuentros que se est\u00e1n organizando junto a otras universidades, expusieron el profesor <strong>James McPhee<\/strong>, de la Facultad de Ciencias F\u00edsicas y Matem\u00e1ticas de la Universidad de Chile y director del Centro Avanzado para Tecnolog\u00edas del Agua (CAPTA), quien realiz\u00f3 la presentaci\u00f3n \u201c<strong>Escasez H\u00eddrica, an\u00e1lisis de cuencas y visi\u00f3n sist\u00e9mica. Centros CORFO<\/strong>\u201d, y la acad\u00e9mica de la Facultad de Arquitectura y Urbanismo de nuestro plantel, <strong>Mar\u00eda Cristina Fragkou<\/strong>, cuya charla se titul\u00f3 \u201c<strong>Desalinizaci\u00f3n de agua de mar para consumo humano en Chile. Lecciones y reflexiones desde un an\u00e1lisis multiescalar del caso de Antofagasta<\/strong>\u201d.<\/p>\n\n\n\n<p>La acad\u00e9mica comenz\u00f3 planteando que hay una crisis h\u00eddrica global, pero \u201cm\u00e1s particularmente&nbsp;<strong>Chile tiene una disponibilidad geogr\u00e1ficamente muy desigual<\/strong>, donde en el norte del pa\u00eds tenemos el desierto m\u00e1s \u00e1rido del mundo y donde se extrae la mayor\u00eda del cobre y el Litio del mundo\u201d. Por otra parte, se refiri\u00f3 al C\u00f3digo de Aguas del pa\u00eds. \u201cNo prioriza usos, entonces tenemos una problem\u00e1tica y antagonismo entre los sectores y, adem\u00e1s, se ha notado una concentraci\u00f3n de derechos de agua por parte de las \u00e9lites, sobre todo en la miner\u00eda y la agricultura, lo cual est\u00e1 perjudicando a las poblaciones rurales.&nbsp;<strong>Adem\u00e1s, tenemos la mega sequ\u00eda y la vulnerabilidad que tiene el pa\u00eds al cambio clim\u00e1tico<\/strong>\u201d.<\/p>\n\n\n\n<p>Por su parte, <strong>James McPhee<\/strong> expuso sobre \u201cEscasez h\u00eddrica, an\u00e1lisis de cuencas y visi\u00f3n sist\u00e9mica\u201d. \u201cLa participaci\u00f3n de las autoridades de Gobierno es un muy buen compromiso e indicador por parte del Estado en relaci\u00f3n a este tipo de temas, en particular, con el tema h\u00eddrico. Adem\u00e1s de destacar la buena voluntad que tiene la Universidad en contribuir con la labor del Estado, tambi\u00e9n hay que destacar la importancia y urgencia que existe por parte de ambas partes para tomar decisiones y\u00a0<strong>planificar con respecto al tema del agua para poder generar pol\u00edticas que transiten hacia un sistema m\u00e1s sostenible y equitativo<\/strong>\u201d, se\u00f1al\u00f3.<\/p>\n\n\n\n<h3 class=\"wp-block-heading\"><strong>\u201cLa escasez del agua es un problema mundial\u201d<\/strong><\/h3>\n\n\n\n<p>El seminario cont\u00f3 con la visita de dos expertos en la materia de Israel. Ellos abordaron aspectos como la escasez h\u00eddrica, la gobernanza y gesti\u00f3n de recursos h\u00eddricos, el desarrollo regional y procesos tecnol\u00f3gicos como el de desalinizaci\u00f3n, todo bajo una mirada de factibilidad social-econ\u00f3mica, tecnol\u00f3gica y de impacto medioambiental.<\/p>\n\n\n\n<p>En su ponencia, <strong>Yechezkel Lifshitz<\/strong>, Autoridad del Agua del mencionado pa\u00eds, plante\u00f3 que \u201cla escasez de recursos h\u00eddricos es un problema que aqueja o est\u00e1 aquejando a diferentes pa\u00edses en el mundo. Lo que quiero decir es que\u00a0<strong>la escasez del agua es un problema mundial. Por ello, debemos estar preparados para el futuro, porque la poblaci\u00f3n aumenta y el agua puede disminuir<\/strong>\u201d.<\/p>\n\n\n\n<p>Luego fue el turno de <strong>Diego Berger<\/strong>, autoridad del Agua en Israel, quien habl\u00f3 en torno a los desaf\u00edos y proyecciones del proceso de desalinizaci\u00f3n. El especialista, plante\u00f3 que \u201cel mayor problema de los recursos h\u00eddricos, m\u00e1s all\u00e1 de la escasez, es la gesti\u00f3n de estos recursos, por lo tanto, no existe una soluci\u00f3n m\u00e1gica que llegue de la noche a la ma\u00f1ana.<strong>\u00a0Aqu\u00ed, lo importante, es que las personas entreguen un valor a la importancia de la administraci\u00f3n del agua para el bien de todos<\/strong>\u201d, sentenci\u00f3.<\/p>\n\n\n\n<p>El cierre del evento cont\u00f3 con un panel de discusi\u00f3n bajo el t\u00edtulo \u201cAgua, energ\u00eda y sustentabilidad, desalinizaci\u00f3n y desarrollo, aguas subterr\u00e1neas\u201d, compuesto por las acad\u00e9micas de la Universidad de Chile, <strong>Linda Daniele<\/strong>, <strong>Mar\u00eda Cristina Fragkou<\/strong> y el acad\u00e9mico <strong>Rodrigo Fuster<\/strong>. En esta instancia, adem\u00e1s, particip\u00f3 <strong>Mauricio Fabry<\/strong>, coordinador de Medio Ambiente del Gobierno Regional de la Regi\u00f3n Metropolitana.<\/p>\n\n\n\n<figure class=\"wp-block-gallery has-nested-images columns-default is-cropped wp-block-gallery-1 is-layout-flex wp-block-gallery-is-layout-flex\">\n<figure class=\"wp-block-image size-large\"><img fetchpriority=\"high\" decoding=\"async\" width=\"800\" height=\"533\" data-id=\"2374\" src=\"https:\/\/www.centrocapta.cl\/wp-content\/uploads\/2022\/05\/hoy3.jpeg\" alt=\"\" class=\"wp-image-2374\" srcset=\"https:\/\/www.centrocapta.cl\/wp-content\/uploads\/2022\/05\/hoy3.jpeg 800w, https:\/\/www.centrocapta.cl\/wp-content\/uploads\/2022\/05\/hoy3-300x200.jpeg 300w, https:\/\/www.centrocapta.cl\/wp-content\/uploads\/2022\/05\/hoy3-768x512.jpeg 768w\" sizes=\"(max-width: 800px) 100vw, 800px\" \/><\/figure>\n\n\n\n<figure class=\"wp-block-image size-large\"><img decoding=\"async\" width=\"800\" height=\"533\" data-id=\"2372\" src=\"https:\/\/www.centrocapta.cl\/wp-content\/uploads\/2022\/05\/2hoy.jpeg\" alt=\"\" class=\"wp-image-2372\" srcset=\"https:\/\/www.centrocapta.cl\/wp-content\/uploads\/2022\/05\/2hoy.jpeg 800w, https:\/\/www.centrocapta.cl\/wp-content\/uploads\/2022\/05\/2hoy-300x200.jpeg 300w, https:\/\/www.centrocapta.cl\/wp-content\/uploads\/2022\/05\/2hoy-768x512.jpeg 768w\" sizes=\"(max-width: 800px) 100vw, 800px\" \/><\/figure>\n\n\n\n<figure class=\"wp-block-image size-large\"><img decoding=\"async\" width=\"800\" height=\"533\" data-id=\"2373\" src=\"https:\/\/www.centrocapta.cl\/wp-content\/uploads\/2022\/05\/1hoy.jpeg\" alt=\"\" class=\"wp-image-2373\" srcset=\"https:\/\/www.centrocapta.cl\/wp-content\/uploads\/2022\/05\/1hoy.jpeg 800w, https:\/\/www.centrocapta.cl\/wp-content\/uploads\/2022\/05\/1hoy-300x200.jpeg 300w, https:\/\/www.centrocapta.cl\/wp-content\/uploads\/2022\/05\/1hoy-768x512.jpeg 768w\" sizes=\"(max-width: 800px) 100vw, 800px\" \/><\/figure>\n\n\n\n<figure class=\"wp-block-image size-large\"><img loading=\"lazy\" decoding=\"async\" width=\"800\" height=\"533\" data-id=\"2375\" src=\"https:\/\/www.centrocapta.cl\/wp-content\/uploads\/2022\/05\/FOTO-OFICIAL-1.jpeg\" alt=\"\" class=\"wp-image-2375\" srcset=\"https:\/\/www.centrocapta.cl\/wp-content\/uploads\/2022\/05\/FOTO-OFICIAL-1.jpeg 800w, https:\/\/www.centrocapta.cl\/wp-content\/uploads\/2022\/05\/FOTO-OFICIAL-1-300x200.jpeg 300w, https:\/\/www.centrocapta.cl\/wp-content\/uploads\/2022\/05\/FOTO-OFICIAL-1-768x512.jpeg 768w\" sizes=\"(max-width: 800px) 100vw, 800px\" \/><\/figure>\n<\/figure>\n\n\n\n<p><\/p>\n\n\n\n<p class=\"has-text-align-right\">11-05-2022<\/p>\n","protected":false},"excerpt":{"rendered":"<p>Propuestas para enfrentar la escasez h\u00eddrica Profundizar sobre los problemas relacionados a la escasez de este recurso, sus actuales usos y los retos a futuro, desde una visi\u00f3n integral y sustentable, fueron los ejes del seminario realizado por la Prorrector\u00eda de la Universidad de Chile y el Centro Avanzado para Tecnolog\u00edas del Agua (CAPTA). La [&hellip;]<\/p>\n","protected":false},"author":3,"featured_media":2368,"comment_status":"closed","ping_status":"open","sticky":false,"template":"","format":"standard","meta":{"footnotes":""},"categories":[31],"tags":[],"class_list":["post-2367","post","type-post","status-publish","format-standard","has-post-thumbnail","hentry","category-noticia"],"_links":{"self":[{"href":"https:\/\/www.centrocapta.cl\/index.php?rest_route=\/wp\/v2\/posts\/2367","targetHints":{"allow":["GET"]}}],"collection":[{"href":"https:\/\/www.centrocapta.cl\/index.php?rest_route=\/wp\/v2\/posts"}],"about":[{"href":"https:\/\/www.centrocapta.cl\/index.php?rest_route=\/wp\/v2\/types\/post"}],"author":[{"embeddable":true,"href":"https:\/\/www.centrocapta.cl\/index.php?rest_route=\/wp\/v2\/users\/3"}],"replies":[{"embeddable":true,"href":"https:\/\/www.centrocapta.cl\/index.php?rest_route=%2Fwp%2Fv2%2Fcomments&post=2367"}],"version-history":[{"count":4,"href":"https:\/\/www.centrocapta.cl\/index.php?rest_route=\/wp\/v2\/posts\/2367\/revisions"}],"predecessor-version":[{"id":2376,"href":"https:\/\/www.centrocapta.cl\/index.php?rest_route=\/wp\/v2\/posts\/2367\/revisions\/2376"}],"wp:featuredmedia":[{"embeddable":true,"href":"https:\/\/www.centrocapta.cl\/index.php?rest_route=\/wp\/v2\/media\/2368"}],"wp:attachment":[{"href":"https:\/\/www.centrocapta.cl\/index.php?rest_route=%2Fwp%2Fv2%2Fmedia&parent=2367"}],"wp:term":[{"taxonomy":"category","embeddable":true,"href":"https:\/\/www.centrocapta.cl\/index.php?rest_route=%2Fwp%2Fv2%2Fcategories&post=2367"},{"taxonomy":"post_tag","embeddable":true,"href":"https:\/\/www.centrocapta.cl\/index.php?rest_route=%2Fwp%2Fv2%2Ftags&post=2367"}],"curies":[{"name":"wp","href":"https:\/\/api.w.org\/{rel}","templated":true}]}}