{"id":2363,"date":"2022-04-22T16:36:00","date_gmt":"2022-04-22T19:36:00","guid":{"rendered":"https:\/\/www.centrocapta.cl\/?p=2363"},"modified":"2022-05-09T16:37:33","modified_gmt":"2022-05-09T19:37:33","slug":"director-de-capta-fue-uno-de-los-convocado-en-nueva-mesa-regional-de-emergencia-hidrica","status":"publish","type":"post","link":"https:\/\/www.centrocapta.cl\/?p=2363","title":{"rendered":"Director de Capta fue uno de los\u00a0convocado en nueva Mesa Regional de Emergencia H\u00eddrica"},"content":{"rendered":"\n<p>Instaurada por el Gobierno Regional Metropolitano, participaron de esta instancia los profesores <strong>James McPhee<\/strong>, director del Centro Avanzado para Tecnolog\u00edas del Agua (CAPTA) y vicedecano de la Facultad de Ciencias F\u00edsicas y Matem\u00e1ticas; y la profesora Pilar Barr\u00eda, acad\u00e9mica de la Facultad de Ciencias Forestales y de la Conservaci\u00f3n de la Naturaleza y asesora ambiental del Ministerio del Medio Ambiente.<\/p>\n\n\n\n<p>En las pr\u00f3ximas semanas se ver\u00e1n los primeros resultados de la&nbsp;<strong>Mesa Regional de Emergencia H\u00eddrica<\/strong>, que instaur\u00f3 el gobernador de la Regi\u00f3n Metropolitana, Claudio Orrego, en compa\u00f1\u00eda de actores relevantes del sector p\u00fablico y privado, acad\u00e9mico, agropecuario, minero, industrial, el\u00e9ctrico y de la sociedad civil, para&nbsp;<strong>hacer frente a la condici\u00f3n de escasez h\u00eddrica de la regi\u00f3n con el fin de evitar futuros racionamientos de agua.&nbsp;<\/strong><\/p>\n\n\n\n<p>\u201cEstamos viviendo una crisis in\u00e9dita y<strong>&nbsp;la Regi\u00f3n Metropolitana no puede vivir sin agua.<\/strong>&nbsp;Hace m\u00e1s de un mes generamos un protocolo de racionamiento para la situaci\u00f3n extrema de quedarnos sin agua para consumo humano. Hoy hemos creado la Mesa Regional de Emergencia H\u00eddrica con el objetivo de construir un plan que nos permita evitar el racionamiento en la ciudad y la regi\u00f3n\u201d, dijo el gobernador Claudio Orrego.&nbsp;<\/p>\n\n\n\n<p>\u201c<strong>10 gremios, 14 empresas privadas, 4 Universidades, 10 ministerios y servicios p\u00fablicos, y 5 representantes de organizaciones de la sociedad civil,<\/strong>&nbsp;nos hemos reunido hoy con un solo prop\u00f3sito, que es cuidar el agua. En los d\u00edas siguientes tendremos comisiones de trabajo para impulsar iniciativas y plantear soluciones, las que podremos hacer p\u00fablicas en las pr\u00f3ximas semanas\u201d, coment\u00f3 la autoridad regional.&nbsp;<\/p>\n\n\n\n<p>\u201cUno de los \u00e1mbitos que veremos ser\u00e1 la gobernanza del agua en la regi\u00f3n. Cu\u00e1les son los nudos normativos,&nbsp; legislativos, de reglamento y de ordenanzas municipales. Y algo muy importante<strong>, cu\u00e1les son los proyectos prioritarios que tiene la Regi\u00f3n Metropolitana en materia de embalses, pozos, de inversiones,&nbsp;<\/strong>y de reutilizaci\u00f3n de aguas grises que debemos hacer de com\u00fan acuerdo\u201d, agreg\u00f3 Orrego.&nbsp;<\/p>\n\n\n\n<p>Por su parte,&nbsp;<strong>la asesora ambiental del Ministerio del Medio Ambiente y acad\u00e9mica de la Facultad de Ciencias Forestales y de la Conservaci\u00f3n de la Naturaleza, Pilar Barr\u00eda<\/strong>, calific\u00f3 el llamado de la mesa como una acci\u00f3n muy importante. \u201cEstamos sobre diagnosticados y<strong>&nbsp;es esencial dar respuesta con acciones concretas a las urgencias que plantea la crisis h\u00eddrica, p<\/strong>ero tambi\u00e9n, hay que tener una mirada de largo plazo con un refuerzo de la gobernanza y con mejor coordinaci\u00f3n multisectorial entre actores p\u00fablicos y privados\u201d, indic\u00f3 Barr\u00eda.&nbsp;<\/p>\n\n\n\n<p>\u201cEs tremendamente positivo y esperanzador que el Gobierno Regional haya convocado a esta mesa para hacer frente a la emergencia h\u00eddrica. Es importante entender que&nbsp; tenemos una emergencia y urgencia inmediata en lo que se refiere a la disponibilidad de agua para la poblaci\u00f3n y para las distintas actividades econ\u00f3micas, esto en el contexto de la sequ\u00eda que estamos viviendo. Pero tambi\u00e9n,<strong>&nbsp;tenemos un tema de gran importancia en lo que es la planificaci\u00f3n futura de nuestra gesti\u00f3n h\u00eddrica, porque toda la evidencia cient\u00edfica apunta que la disponibilidad de agua futura va a ser menor que la que conocimos de las d\u00e9cadas previas\u201d, se\u00f1al\u00f3 por su parte&nbsp;&nbsp;James McPhee, director del Centro Avanzado para Tecnolog\u00edas del Agua (CAPTA)&nbsp;<\/strong>y vicedecano de la Facultad de Ciencias F\u00edsicas y Matem\u00e1ticas.<\/p>\n\n\n\n<p>Por lo tanto, agreg\u00f3 el acad\u00e9mico, &#8220;es necesario que todos los actores, tantos aquellos titulares de derecho de aprovechamiento de aguas, como otros actores no titulares de derechos de aprovechamientos, pero con inter\u00e9s en el tema h\u00eddrico a nivel p\u00fablico y privado, se coordinen y trabajen de manera mancomunada para lograr los acuerdos institucionales que permitan el desarrollo y la&nbsp;<strong>inversi\u00f3n en nuevas tecnolog\u00edas que permitan aumentar la disponibilidad<\/strong>&nbsp;y gesti\u00f3n de nuestros recursos con una mirada&nbsp; sostenible, con resguardo del medio ambiente y con cuidado que aquellas actividades productivas necesarias para el bienestar de la comunidad se puedan mantener\u201d.<\/p>\n\n\n\n<p>En el mismo sentido, el Gerente General de Fundaci\u00f3n Chile, Marcos Kulka, destac\u00f3 la convocatoria lograda por la mesa h\u00eddrica. \u201cTodos sabemos la urgencia de la escasez de agua y por eso estamos dispuestos a colaborar con el Gobierno Regional para poner a disposici\u00f3n todo lo que hemos hecho por muchos a\u00f1os, con m\u00e1s de 200 soluciones sabidas, evaluadas, con sus costos sociales y medioambientales. Se requiere la colaboraci\u00f3n de todos los actores y por eso celebramos estar aqu\u00ed\u201d, afirm\u00f3 el ejecutivo.&nbsp;<\/p>\n\n\n\n<p>En tanto, y&nbsp;<strong>en representaci\u00f3n del Consejo Regional Metropolitano, CORE, la consejera Paola Ch\u00e1vez&nbsp;<\/strong>manifest\u00f3 preocupaci\u00f3n por el avance de mega proyectos que ponen en riesgo el abastecimiento del agua potable. \u201cEs el caso de Alto Maipo y Anglo American, cuyos proyectos nos tienen en alerta, por eso se agradece esta instancia y la presencia de diversos actores, cuya articulaci\u00f3n es clave para ejecutar acciones con mayores recursos y mayor fiscalizaci\u00f3n\u201d, dijo.&nbsp;<\/p>\n\n\n\n<p>Finalmente, Federico Err\u00e1zuriz, de la Sociedad Nacional de Agricultura SNA, calific\u00f3 la iniciativa de acertada. \u201cEn los 13 a\u00f1os de sequ\u00eda que hemos vivido en la regi\u00f3n, el sector agr\u00edcola ha sufrido el doble. No solo por la falta de agua, sino tambi\u00e9n, porque ha debido priorizar el consumo humano desviando vol\u00famenes de agua para el abastecimiento de la ciudad. La creaci\u00f3n de esta mesa integral es una decisi\u00f3n muy acertada con la que hay que colaborar en todo lo que sea posible\u201d, concluy\u00f3.<\/p>\n\n\n\n<p>Fuente: <strong><a rel=\"noreferrer noopener\" href=\"https:\/\/uchile.cl\/noticias\/185721\/academicos-son-convocados-a-mesa-regional-de-emergencia-hidrica\" target=\"_blank\">U.de Chile<\/a><\/strong><\/p>\n\n\n\n<p class=\"has-text-align-right\">22-04-2022<\/p>\n","protected":false},"excerpt":{"rendered":"<p>Instaurada por el Gobierno Regional Metropolitano, participaron de esta instancia los profesores James McPhee, director del Centro Avanzado para Tecnolog\u00edas del Agua (CAPTA) y vicedecano de la Facultad de Ciencias F\u00edsicas y Matem\u00e1ticas; y la profesora Pilar Barr\u00eda, acad\u00e9mica de la Facultad de Ciencias Forestales y de la Conservaci\u00f3n de la Naturaleza y asesora ambiental [&hellip;]<\/p>\n","protected":false},"author":3,"featured_media":2365,"comment_status":"closed","ping_status":"open","sticky":false,"template":"","format":"standard","meta":{"footnotes":""},"categories":[31],"tags":[],"class_list":["post-2363","post","type-post","status-publish","format-standard","has-post-thumbnail","hentry","category-noticia"],"_links":{"self":[{"href":"https:\/\/www.centrocapta.cl\/index.php?rest_route=\/wp\/v2\/posts\/2363","targetHints":{"allow":["GET"]}}],"collection":[{"href":"https:\/\/www.centrocapta.cl\/index.php?rest_route=\/wp\/v2\/posts"}],"about":[{"href":"https:\/\/www.centrocapta.cl\/index.php?rest_route=\/wp\/v2\/types\/post"}],"author":[{"embeddable":true,"href":"https:\/\/www.centrocapta.cl\/index.php?rest_route=\/wp\/v2\/users\/3"}],"replies":[{"embeddable":true,"href":"https:\/\/www.centrocapta.cl\/index.php?rest_route=%2Fwp%2Fv2%2Fcomments&post=2363"}],"version-history":[{"count":2,"href":"https:\/\/www.centrocapta.cl\/index.php?rest_route=\/wp\/v2\/posts\/2363\/revisions"}],"predecessor-version":[{"id":2366,"href":"https:\/\/www.centrocapta.cl\/index.php?rest_route=\/wp\/v2\/posts\/2363\/revisions\/2366"}],"wp:featuredmedia":[{"embeddable":true,"href":"https:\/\/www.centrocapta.cl\/index.php?rest_route=\/wp\/v2\/media\/2365"}],"wp:attachment":[{"href":"https:\/\/www.centrocapta.cl\/index.php?rest_route=%2Fwp%2Fv2%2Fmedia&parent=2363"}],"wp:term":[{"taxonomy":"category","embeddable":true,"href":"https:\/\/www.centrocapta.cl\/index.php?rest_route=%2Fwp%2Fv2%2Fcategories&post=2363"},{"taxonomy":"post_tag","embeddable":true,"href":"https:\/\/www.centrocapta.cl\/index.php?rest_route=%2Fwp%2Fv2%2Ftags&post=2363"}],"curies":[{"name":"wp","href":"https:\/\/api.w.org\/{rel}","templated":true}]}}