{"id":2350,"date":"2022-04-14T11:27:28","date_gmt":"2022-04-14T14:27:28","guid":{"rendered":"https:\/\/www.centrocapta.cl\/?p=2350"},"modified":"2022-04-14T11:27:30","modified_gmt":"2022-04-14T14:27:30","slug":"aqua365-presento-el-desafio-universitario-que-invita-a-resolver-el-deficit-hidrico-de-dos-comunidades-chilenas","status":"publish","type":"post","link":"https:\/\/www.centrocapta.cl\/?p=2350","title":{"rendered":"Aqua365: Present\u00f3 el desaf\u00edo universitario que invita a resolver el d\u00e9ficit h\u00eddrico de dos comunidades chilenas."},"content":{"rendered":"\n<p><strong>Inscripciones abiertas hasta el 20 de abril<\/strong><\/p>\n\n\n\n<p><em>\u201cUn desaf\u00edo de innovaci\u00f3n para estudiantes de educaci\u00f3n superior que busca entregar soluciones innovadoras, replicables y escalables a comunidades de las regiones del Biob\u00edo y Metropolitana\u201d.<\/em><\/p>\n\n\n\n<p><em>Quienes deseen participar podr\u00e1n ganar hasta 4 millones de pesos para implementar y dise\u00f1ar una soluci\u00f3n.<\/em><\/p>\n\n\n\n<p><a href=\"https:\/\/ingenieria.uchile.cl\/\" target=\"_blank\" rel=\"noreferrer noopener\">La Facultad de Ciencias F\u00edsicas y Matem\u00e1ticas de la Universidad de Chile (FCFM)<\/a>, junto con la <a href=\"https:\/\/isf-chile.org\/\" target=\"_blank\" rel=\"noreferrer noopener\">Fundaci\u00f3n Ingenier\u00eda Sin Fronteras (ISF Chile)<\/a>, <a href=\"https:\/\/openbeauchef.cl\/\" target=\"_blank\" rel=\"noreferrer noopener\">OpenBeauchef<\/a> y el <a href=\"http:\/\/www.centrocapta.cl\" target=\"_blank\" rel=\"noreferrer noopener\">Centro Avanzado para Tecnolog\u00edas del Agua (CAPTA)<\/a>, organizaron con \u00e9xito el lanzamiento de <strong>Aqua365<\/strong>, iniciativa universitaria que tiene como objetivo abordar y resolver los problemas h\u00eddricos de dos comunidades en contexto de vulnerabilidad, de forma interdisciplinaria y descentralizada.<\/p>\n\n\n\n<p>El lanzamiento, realizado en formato online, permiti\u00f3 que las personas interesadas en formar parte del desaf\u00edo h\u00eddrico ahondaran en las bases y requisitos para poder participar e inscribirse en el evento que cerrar\u00e1 sus inscripciones el pr\u00f3ximo mi\u00e9rcoles 20 de abril.<\/p>\n\n\n\n<p>Durante la ceremonia, se presentaron los testimonios de los representantes de las comunidades de <strong>San Jorge -regi\u00f3n del B\u00edo B\u00edo-<\/strong> y <strong>Vista Alegre -Regi\u00f3n Metropolitana-<\/strong>, quienes de forma sincera invitaron a las y los estudiantes a inscribirse para que puedan ser parte de la iniciativa que busca apoyarlos con sus dificultades relacionadas con el agua.<\/p>\n\n\n\n<p><strong>Fredy Mamany<\/strong>, presidente del Comit\u00e9 de Vivienda Vista Alegre, \u201cnosotros hemos pedido encarecidamente a las autoridades y golpeado en diferentes puertas&nbsp; por no contar con agua en el campamento\u2026La verdad, es que con esta iniciativa se nos abre una peque\u00f1a lucecita de esperanza. Esperamos que quienes se unan a esta idea <em>no nos abandonen<\/em>, porque puede ser majadero pedir agua, pero no tener agua es indigno. Nosotros queremos que los ni\u00f1os vayan limpios al colegio, ellos lo necesitan. Quiz\u00e1s la soluci\u00f3n habitacional para nosotros demore a\u00f1os, pero mientras tanto, <em>no nos abandonen<\/em>, necesitamos contar con agua\u201d.<\/p>\n\n\n\n<p>Por su parte, <strong>Helia Parra<\/strong>, presidenta de la Junta de Vecinos de la Comunidad de San Jorge -Concepci\u00f3n-. \u201cPara nosotros es s\u00faper importante dar a conocer nuestra problem\u00e1tica que existe con el tema del agua. En nuestro sector cont\u00e1bamos con vertientes para abastecernos, pero en la actualidad, con el tema de la sequ\u00eda que vive el pa\u00eds est\u00e1 muy complejo contar con agua. Hay d\u00edas, que no tenemos ni siquiera una gota de agua para beber\u2026 Ahora nos abastecemos con los camiones aljibes que nos traen un suministro casi a diario, pero es insuficiente\u201d.<\/p>\n\n\n\n<p>Finalmente, <strong>Marilyn Urtubia<\/strong>, representante del Consejo Asesor de Ingenier\u00eda Sin Fronteras (ISF Chile). \u201cVeo con mucha alegr\u00eda por c\u00f3mo se est\u00e1 generando este compromiso. De manera anticipada, quiero felicitar a los voluntarios que van a unirse, porque este proyecto, <strong>Aqua365<\/strong> es fundamental para ayudar a quienes presentaron sus testimonios. Lo que se necesita ahora son sus mentes geniales. Ingenieras, ingenieros, estudiantes de ingenier\u00eda y voluntarios de otras profesiones. Son ustedes quienes entregar\u00e1n el coraz\u00f3n poniendo sus profesiones al servicio y desarrollo de una soluci\u00f3n que busca crear soluciones aplicables a las familias que lo necesitan, no los dejemos solos. Los invito a so\u00f1ar en grande y resolver estas necesidades\u201d.<\/p>\n\n\n\n<p><strong>Aqua365<\/strong>&nbsp;busca que los miembros de las comunidades afectadas puedan contar con este elemento vital todos los d\u00edas del a\u00f1o, por ello su nombre. La instancia cuenta con la colaboraci\u00f3n de la Universidad de La Frontera, Universidad de Concepci\u00f3n, Universidad Adolfo Ib\u00e1\u00f1ez, Universidad de Playa Ancha, DUOC UC (Sede&nbsp; Valpara\u00edso) y la Universidad de Chile, adem\u00e1s del apoyo de Black&amp;Veatch, Xylem, Bechtel, Techo, Ecopreneur, CDM Smith y el Fondo de agua Santiago-Maipo.<\/p>\n\n\n\n<p>Quienes deseen participar deben ser estudiantes regulares de pregrado o postgrado de las instituciones de educaci\u00f3n superior indicadas, en cualquiera de sus carreras impartidas (si no eres parte de estas instituciones escribe a contacto@aqua365.cl). En cuanto a las inscripciones para ser parte del reto acad\u00e9mico, \u00e9stas se realizar\u00e1n en l\u00ednea hasta el pr\u00f3ximo <strong>mi\u00e9rcoles 20 de abril<\/strong> completando un formulario de inscripci\u00f3n disponible para una participaci\u00f3n grupal o individual ingresando <strong>(<\/strong><strong><a href=\"https:\/\/aqua365.cl\/\">AQU\u00cd<\/a>) <\/strong>o en el sitio web <a href=\"http:\/\/www.aqua365.cl\">www.aqua365.cl<\/a> donde se encuentra el calendario de actividades y detalles del reto h\u00eddrico 2022.<\/p>\n\n\n\n<p>\u00a1S\u00famate! Necesitamos de tu ingenio y creatividad.<\/p>\n\n\n\n<figure class=\"wp-block-image size-large\"><img fetchpriority=\"high\" decoding=\"async\" width=\"669\" height=\"1024\" src=\"https:\/\/www.centrocapta.cl\/wp-content\/uploads\/2022\/04\/afiche-1-669x1024.jpg\" alt=\"\" class=\"wp-image-2354\" srcset=\"https:\/\/www.centrocapta.cl\/wp-content\/uploads\/2022\/04\/afiche-1-669x1024.jpg 669w, https:\/\/www.centrocapta.cl\/wp-content\/uploads\/2022\/04\/afiche-1-196x300.jpg 196w, https:\/\/www.centrocapta.cl\/wp-content\/uploads\/2022\/04\/afiche-1-768x1175.jpg 768w, https:\/\/www.centrocapta.cl\/wp-content\/uploads\/2022\/04\/afiche-1-1004x1536.jpg 1004w, https:\/\/www.centrocapta.cl\/wp-content\/uploads\/2022\/04\/afiche-1-1339x2048.jpg 1339w, https:\/\/www.centrocapta.cl\/wp-content\/uploads\/2022\/04\/afiche-1-scaled.jpg 1674w\" sizes=\"(max-width: 669px) 100vw, 669px\" \/><\/figure>\n\n\n\n<p class=\"has-text-align-right\">14-04-2022<\/p>\n","protected":false},"excerpt":{"rendered":"<p>Inscripciones abiertas hasta el 20 de abril \u201cUn desaf\u00edo de innovaci\u00f3n para estudiantes de educaci\u00f3n superior que busca entregar soluciones innovadoras, replicables y escalables a comunidades de las regiones del Biob\u00edo y Metropolitana\u201d. Quienes deseen participar podr\u00e1n ganar hasta 4 millones de pesos para implementar y dise\u00f1ar una soluci\u00f3n. La Facultad de Ciencias F\u00edsicas y [&hellip;]<\/p>\n","protected":false},"author":3,"featured_media":2351,"comment_status":"closed","ping_status":"open","sticky":false,"template":"","format":"standard","meta":{"footnotes":""},"categories":[31],"tags":[],"class_list":["post-2350","post","type-post","status-publish","format-standard","has-post-thumbnail","hentry","category-noticia"],"_links":{"self":[{"href":"https:\/\/www.centrocapta.cl\/index.php?rest_route=\/wp\/v2\/posts\/2350","targetHints":{"allow":["GET"]}}],"collection":[{"href":"https:\/\/www.centrocapta.cl\/index.php?rest_route=\/wp\/v2\/posts"}],"about":[{"href":"https:\/\/www.centrocapta.cl\/index.php?rest_route=\/wp\/v2\/types\/post"}],"author":[{"embeddable":true,"href":"https:\/\/www.centrocapta.cl\/index.php?rest_route=\/wp\/v2\/users\/3"}],"replies":[{"embeddable":true,"href":"https:\/\/www.centrocapta.cl\/index.php?rest_route=%2Fwp%2Fv2%2Fcomments&post=2350"}],"version-history":[{"count":4,"href":"https:\/\/www.centrocapta.cl\/index.php?rest_route=\/wp\/v2\/posts\/2350\/revisions"}],"predecessor-version":[{"id":2356,"href":"https:\/\/www.centrocapta.cl\/index.php?rest_route=\/wp\/v2\/posts\/2350\/revisions\/2356"}],"wp:featuredmedia":[{"embeddable":true,"href":"https:\/\/www.centrocapta.cl\/index.php?rest_route=\/wp\/v2\/media\/2351"}],"wp:attachment":[{"href":"https:\/\/www.centrocapta.cl\/index.php?rest_route=%2Fwp%2Fv2%2Fmedia&parent=2350"}],"wp:term":[{"taxonomy":"category","embeddable":true,"href":"https:\/\/www.centrocapta.cl\/index.php?rest_route=%2Fwp%2Fv2%2Fcategories&post=2350"},{"taxonomy":"post_tag","embeddable":true,"href":"https:\/\/www.centrocapta.cl\/index.php?rest_route=%2Fwp%2Fv2%2Ftags&post=2350"}],"curies":[{"name":"wp","href":"https:\/\/api.w.org\/{rel}","templated":true}]}}