{"id":2331,"date":"2022-04-08T12:13:03","date_gmt":"2022-04-08T15:13:03","guid":{"rendered":"https:\/\/www.centrocapta.cl\/?p=2331"},"modified":"2022-04-08T12:19:50","modified_gmt":"2022-04-08T15:19:50","slug":"aqua365-iniciativa-universitaria-busca-resolver-y-abordar-problemas-hidricos-en-comunidades-en-contexto-de-vulnerabilidad","status":"publish","type":"post","link":"https:\/\/www.centrocapta.cl\/?p=2331","title":{"rendered":"Aqua365: Iniciativa Universitaria busca resolver y abordar problemas h\u00eddricos en comunidades en contexto de vulnerabilidad"},"content":{"rendered":"\n<p><strong>Las inscripciones para poder participar estar\u00e1n abiertas hasta el pr\u00f3ximo mi\u00e9rcoles 20 de abril<\/strong>.<\/p>\n\n\n\n<p><em>Quienes deseen participar podr\u00e1n ganar hasta 4 millones de pesos para implementar y dise\u00f1ar una soluci\u00f3n de acceso al agua a dos comunidades chilenas, previamente definidas, que cuentan con problemas de vulnerabilidad h\u00eddrica.<\/em><\/p>\n\n\n\n<p><a><\/a>\u201cAqua365\u201d, es el nombre de la actividad impulsada por la <strong>Facultad de Ciencias F\u00edsicas y Matem\u00e1ticas (FCFM)<\/strong> de la Universidad de Chile en conjunto con la <strong>Fundaci\u00f3n Ingenier\u00eda Sin Fronteras, Open Beauchef y el Centro Avanzado para Tecnolog\u00edas del Agua, CAPTA<\/strong>. La iniciativa cuenta con el apoyo de destacadas Instituciones de Educaci\u00f3n Superior, m\u00e1s el auspicio de reconocidas empresas privadas.<\/p>\n\n\n\n<p>El evento, dise\u00f1ado en formato h\u00edbrido, permitir\u00e1 que grupos de estudiantes de las universidades convocadas se re\u00fanan a trabajar en equipo para generar prototipos de soluci\u00f3n con potencial para ser implementados en comunidades vulnerables, asesorados por expertos en temas de agua. Los mejores proyectos ser\u00e1n seleccionados para ser implementados en terreno durante este 2022.<\/p>\n\n\n\n<p><strong>Invitaci\u00f3n a colaborar con conocimiento y creatividad<\/strong><\/p>\n\n\n\n<p><strong>James McPhee<\/strong>, vicedecano de la FCFM y director del Centro Avanzado de Tecnolog\u00edas del Agua (Capta) explica que \u201dla crisis h\u00eddrica que afecta a nuestro pa\u00eds tiene diversos factores. Desde la academia, y en particular en la Universidad de Chile, estamos comprometidos con la situaci\u00f3n h\u00eddrica chilena. En este contexto, Aqua365 es una gran oportunidad para que estudiantes y expertos en agua nos encontremos para contribuir a resolver las problem\u00e1ticas que afectan a dos comunidades de nuestro pa\u00eds, con un enfoque innovador que es lo que siempre ha caracterizado el desarrollo cient\u00edfico y tecnol\u00f3gico de nuestra Universidad. Por lo mismo, quiero dejar abierta la invitaci\u00f3n a quienes deseen ser parte del lanzamiento el pr\u00f3ximo mi\u00e9rcoles 13 de abril, a las 18:00 horas, v\u00eda zoom\u201d.<\/p>\n\n\n\n<p><br><strong>Aqua365<\/strong>, nace a partir de la experiencia de la \u201cHackat\u00f3n por el agua\u201d que se realiz\u00f3 en plena pandemia durante el 2021, en la cual participaron m\u00e1s de 300 estudiantes de 7 instituciones de educaci\u00f3n superior, 14 organizaciones de la sociedad civil y empresas asociadas, quienes con \u00e9xito lograron resolver distintas problem\u00e1ticas concretas con respecto al agua. Este a\u00f1o, la iniciativa cuenta con mayor experiencia y nuevos desaf\u00edos que esperan llegar a ser un aporte. <strong>Solo falta la participaci\u00f3n de los nuevos protagonistas que transformar\u00e1n la realidad de dos comunidades que necesitan con urgencia una soluci\u00f3n<\/strong>.<\/p>\n\n\n\n<p>Por su parte, <strong>Claudia Papic<\/strong>, gerente general del Fondo del Agua Santiago-Maipo destaca, \u201cluego de la activa participaci\u00f3n del Fondo de Agua en el proyecto Hackat\u00f3n por el Agua 2021, quisi\u00e9ramos ofrecer nuestro respaldo y ayuda en la promoci\u00f3n e invitaci\u00f3n a m\u00e1s organizaciones a sumarse al proyecto &#8220;<strong>Aqua365<\/strong>: Innovaci\u00f3n por el agua 2022\u201d, que consideramos generar\u00e1 a\u00fan m\u00e1s impacto al vincular los desaf\u00edos con comunidades concretas en el territorio.\u201d<\/p>\n\n\n\n<p><strong>Experiencia estudiantil<\/strong><\/p>\n\n\n\n<p><strong>Carmi\u00f1a Naveiro<\/strong>, ganadora de la Hackaton por el Agua 2021 de la Pontificia Universidad Cat\u00f3lica de Valpara\u00edso, menciona. \u201cEn particular, mi motivaci\u00f3n para participar era conocer exactamente qu\u00e9 era esta actividad\u2026 Y formar parte de algo en lo que participaban estudiantes de varias universidades del pa\u00eds, me sonaba entretenido. Sin olvidar, que el problema del agua, en la V regi\u00f3n, es tan serio y lo sufrimos en el d\u00eda a d\u00eda, por lo mismo, me parec\u00eda interesante ser parte de \u00e9sto.\u201d<\/p>\n\n\n\n<p>En lo personal, sue\u00f1o con que el proyecto ayude a personas del Chile rural, adem\u00e1s de poder desarrollar ingenier\u00eda desde ese \u00e1mbito. Ahora quiero motivar a otros j\u00f3venes&nbsp; a vivir experiencias como \u00e9sta y so\u00f1ar con un Chile lindo, lleno de oportunidades para el desarrollo tanto personal como profesional, y que se den cuenta que nuestro pa\u00eds lo construimos todos y el papel de los j\u00f3venes es esencial. Finalmente, me gustar\u00eda agradecer el hecho de que se creen instancias que sirvan para nuestro desarrollo y apuesten por la juventud. Solo inscribanse, no se arrepentir\u00e1n.\u201d<\/p>\n\n\n\n<p><strong>Aqua365<\/strong> busca que los miembros de las comunidades afectadas puedan contar con este elemento vital todos los d\u00edas del a\u00f1o, por ello su nombre. La instancia cuenta con la colaboraci\u00f3n de la Universidad de La Frontera, Universidad de Concepci\u00f3n, Universidad Adolfo Ib\u00e1\u00f1ez, Universidad de Playa Ancha, DUOC UC (Sede&nbsp; Valpara\u00edso) y la Universidad de Chile, adem\u00e1s del apoyo de Black&amp;Veatch, Xylem, Bechtel, Techo, Ecopreneur, CDM Smith y el Fondo de agua Santiago-Maipo.<strong><\/strong><\/p>\n\n\n\n<p>Quienes deseen participar deben ser estudiantes regulares de pregrado o postgrado de las instituciones de educaci\u00f3n superior indicadas, en cualquiera de sus carreras impartidas (si no eres parte de estas instituciones escribe a contacto@aqua365.cl). En cuanto a las inscripciones para ser parte del reto acad\u00e9mico, \u00e9stas se realizar\u00e1n en l\u00ednea hasta el pr\u00f3ximo <strong>mi\u00e9rcoles 20 de abril<\/strong> completando un formulario de inscripci\u00f3n disponible para una participaci\u00f3n grupal o individual ingresando <strong>(<\/strong><strong><u><a href=\"https:\/\/aqua365.cl\/\">AQU\u00cd<\/a><\/u>) <\/strong>o en el sitio web <a href=\"http:\/\/www.aqua365.cl\">www.aqua365.cl<\/a> donde se encuentra el calendario de actividades y detalles del reto h\u00eddrico 2022. El lanzamiento oficial se realizar\u00e1 el mi\u00e9rcoles 13 de abril, a las 18:00 horas, v\u00eda zoom ( para participar de la presentaci\u00f3n se pueden <a href=\"https:\/\/bit.ly\/3r94CXQ\">anotar aqu\u00ed<\/a>).<\/p>\n\n\n\n<p><strong>T\u00fa aporte es importante, \u00a1S\u00famate!<\/strong><\/p>\n","protected":false},"excerpt":{"rendered":"<p>Las inscripciones para poder participar estar\u00e1n abiertas hasta el pr\u00f3ximo mi\u00e9rcoles 20 de abril. Quienes deseen participar podr\u00e1n ganar hasta 4 millones de pesos para implementar y dise\u00f1ar una soluci\u00f3n de acceso al agua a dos comunidades chilenas, previamente definidas, que cuentan con problemas de vulnerabilidad h\u00eddrica. \u201cAqua365\u201d, es el nombre de la actividad impulsada [&hellip;]<\/p>\n","protected":false},"author":3,"featured_media":2333,"comment_status":"closed","ping_status":"open","sticky":false,"template":"","format":"standard","meta":{"footnotes":""},"categories":[31],"tags":[],"class_list":["post-2331","post","type-post","status-publish","format-standard","has-post-thumbnail","hentry","category-noticia"],"_links":{"self":[{"href":"https:\/\/www.centrocapta.cl\/index.php?rest_route=\/wp\/v2\/posts\/2331","targetHints":{"allow":["GET"]}}],"collection":[{"href":"https:\/\/www.centrocapta.cl\/index.php?rest_route=\/wp\/v2\/posts"}],"about":[{"href":"https:\/\/www.centrocapta.cl\/index.php?rest_route=\/wp\/v2\/types\/post"}],"author":[{"embeddable":true,"href":"https:\/\/www.centrocapta.cl\/index.php?rest_route=\/wp\/v2\/users\/3"}],"replies":[{"embeddable":true,"href":"https:\/\/www.centrocapta.cl\/index.php?rest_route=%2Fwp%2Fv2%2Fcomments&post=2331"}],"version-history":[{"count":3,"href":"https:\/\/www.centrocapta.cl\/index.php?rest_route=\/wp\/v2\/posts\/2331\/revisions"}],"predecessor-version":[{"id":2335,"href":"https:\/\/www.centrocapta.cl\/index.php?rest_route=\/wp\/v2\/posts\/2331\/revisions\/2335"}],"wp:featuredmedia":[{"embeddable":true,"href":"https:\/\/www.centrocapta.cl\/index.php?rest_route=\/wp\/v2\/media\/2333"}],"wp:attachment":[{"href":"https:\/\/www.centrocapta.cl\/index.php?rest_route=%2Fwp%2Fv2%2Fmedia&parent=2331"}],"wp:term":[{"taxonomy":"category","embeddable":true,"href":"https:\/\/www.centrocapta.cl\/index.php?rest_route=%2Fwp%2Fv2%2Fcategories&post=2331"},{"taxonomy":"post_tag","embeddable":true,"href":"https:\/\/www.centrocapta.cl\/index.php?rest_route=%2Fwp%2Fv2%2Ftags&post=2331"}],"curies":[{"name":"wp","href":"https:\/\/api.w.org\/{rel}","templated":true}]}}