{"id":2289,"date":"2022-01-31T18:38:51","date_gmt":"2022-01-31T21:38:51","guid":{"rendered":"https:\/\/www.centrocapta.cl\/?p=2289"},"modified":"2022-01-31T18:43:28","modified_gmt":"2022-01-31T21:43:28","slug":"celebramos-el-primer-encuentro-presencial-de-capta","status":"publish","type":"post","link":"https:\/\/www.centrocapta.cl\/?p=2289","title":{"rendered":"Celebramos el primer encuentro presencial de CAPTA"},"content":{"rendered":"\n<p><em>Equipos de investigaci\u00f3n, colaboraci\u00f3n, los Consejos (Estrat\u00e9gico y T\u00e9cnico) e invitadas (os) especiales, participaron de la primera reuni\u00f3n presencial del Centro Avanzado para Tecnolog\u00edas del Agua, CAPTA, en la Facultad de Ciencias F\u00edsicas y Matem\u00e1ticas (FCFM) de la Universidad de Chile.<\/em><\/p>\n\n\n\n<p>Tras casi dos a\u00f1os de actividades conectados en l\u00ednea, las personas que integran activamente CAPTA pudieron por fin apagar sus computadores y dejar de interactuar, a trav\u00e9s de una pantalla para reunirse presencialmente en el <strong>auditorio Enrique D\u00b4Etegny<\/strong> de la FCFM para poder conocerse en persona y dar a mostrar los avances que han tenido sus respectivos proyectos, los cuales son piezas fundamentales del engranaje de trabajo del Consorcio CAPTA.<\/p>\n\n\n\n<p>La instancia fue valorada por quienes asistieron al encuentro que se realiz\u00f3 este jueves 21 de enero en Beauchef 851. Al respecto el director del Centro Avanzado para Tecnolog\u00edas del Agua, <strong>James McPhee<\/strong>, manifest\u00f3 la importancia de esta oportunidad de un reencuentro presencial.<\/p>\n\n\n\n<p>&#8220;La realizaci\u00f3n de nuestro encuentro anual me dej\u00f3 con una sensaci\u00f3n muy potente de satisfacci\u00f3n y de entusiasmo. <strong>Satisfacci\u00f3n<\/strong>, porque es muy importante constatar que CAPTA se hace realidad a partir de un grupo de personas comprometidas, que est\u00e1n dando lo mejor de s\u00ed para contribuir con soluciones a los desaf\u00edos en recursos h\u00eddricos. <strong>Entusiasmo<\/strong>, porque pese a que hemos tenido el desaf\u00edo de iniciar este consorcio en plena pandemia, tenemos resultados interesantes. Y lo m\u00e1s relevante, sent\u00ed de manera muy clara el apoyo de nuestros coejecutores, asociados y de los consejeros del consorcio, todos alineados con un objetivo com\u00fan&#8221;.<\/p>\n\n\n\n<p>Por su parte, la subdirectora de CAPTA, <strong>Linda Daniele<\/strong> mencion\u00f3 lo importancia del significado de la primer encuentro 2022 CAPTA. \u201cCreo que la reuni\u00f3n presencial ha tenido un efecto muy positivo en todos los asistentes. CAPTA naci\u00f3 entre el estallido y la pandemia y vernos y conversar en persona ha generado una positiva sensaci\u00f3n de grupo. Desde el punto de vista cient\u00edfico-tecnol\u00f3gico ha sido una oportunidad de compartir los avances y recibir una valiosa retroalimentaci\u00f3n por parte de los colegas. Los estudiantes y j\u00f3venes investigadores han sido los grandes protagonistas&#8230; Han podido conversar en un ambiente distendido de lo que hacen y reconocerse como parte de un grupo cuya misi\u00f3n es proponer soluciones para la terrible crisis h\u00eddrica que Chile est\u00e1 atravesando\u201d.<\/p>\n\n\n\n<p>En la misma senda, el coordinador de Programas Tecnol\u00f3gicos de Corfo, <strong>Ben-Hur Leyton<\/strong>, se refiri\u00f3 a las dificultades pand\u00e9micas de estos dos \u00faltimos a\u00f1os y c\u00f3mo el Centro ha intentado abrirse camino para seguir creciendo para entregar soluciones tecnol\u00f3gicas. \u201cDespu\u00e9s de cerca de dos a\u00f1os de estar viviendo en pandemia y por ende con las limitaciones de reunirnos presencialmente, ha sido un agrado volver a juntarnos presencialmente con los equipo que est\u00e1n a cargo de los desarrollos tecnol\u00f3gicos de los distintos proyectos que conforman el portafolio del Consorcio CAPTA y del mismo modo conocer sus avances. Asimismo, tambi\u00e9n ha sido grato poder volver a compartir con los miembros del Consejo T\u00e9cnico y Consejo Estrat\u00e9gico\u201d.<\/p>\n\n\n\n<p>Agrega, \u201clas sensaciones generadas por la reuni\u00f3n son buenas, pues siempre es provechoso poder compartir e intercambiar puntos de vista con quienes est\u00e1n a cargo de los desarrollos tecnol\u00f3gicos comprometidos por el programa. M\u00e1s a\u00fan, cuando existe la entrega del Informe de Avance y continuidad del programa, donde se debe informar a Corfo los avances y resultados obtenidos durante la primera etapa de desarrollo del consorcio, as\u00ed como la propuesta de actividades para la segunda etapa, la cual tiene un fuerte foco en la validaci\u00f3n y escalamiento de los distintos resultados obtenidos\u201d.<\/p>\n\n\n\n<p>Finalmente, <strong>Marcela Bocchetto<\/strong>, miembro del Consejo Estrat\u00e9gico de nuestro Consorcio y gerente de Biodiversidad y Cambio Clim\u00e1tico de Anglo American, resalt\u00f3 e hizo hincapi\u00e9 en uno de los desaf\u00edos que se aproximan para CAPTA. \u201cCreo que los pr\u00f3ximos desaf\u00edos del Centro son generar soluciones pr\u00e1cticas aplicables en el corto plazo y que puedan replicarse en distintos lugares e industrias, dada la urgencia de adaptarnos a la escasez h\u00eddrica que sufrimos\u201d.<\/p>\n\n\n\n<p>Cerca de 50 personas fueron los asistentes al primer encuentro presencial que cont\u00f3 con todas las medidas sanitarias sugeridas por el Ministerio de Salud y la Universidad, tales como distanciamiento social, uso constante de alcohol gel, toma de temperatura, auditorio con filtro Hepa y test de ant\u00edgenos al ingreso, entre otras precauciones. Hay que destacar que los protocolos fueron respetados a la cabalidad por los\/as asistentes al evento del Consorcio universitario.<\/p>\n\n\n\n<figure class=\"wp-block-gallery has-nested-images columns-default is-cropped wp-block-gallery-1 is-layout-flex wp-block-gallery-is-layout-flex\">\n<figure class=\"wp-block-image size-large\"><img fetchpriority=\"high\" decoding=\"async\" width=\"1024\" height=\"683\" data-id=\"2293\" src=\"https:\/\/www.centrocapta.cl\/wp-content\/uploads\/2022\/01\/IMG_1716-1024x683.jpg\" alt=\"\" class=\"wp-image-2293\" srcset=\"https:\/\/www.centrocapta.cl\/wp-content\/uploads\/2022\/01\/IMG_1716-1024x683.jpg 1024w, https:\/\/www.centrocapta.cl\/wp-content\/uploads\/2022\/01\/IMG_1716-300x200.jpg 300w, https:\/\/www.centrocapta.cl\/wp-content\/uploads\/2022\/01\/IMG_1716-768x512.jpg 768w, https:\/\/www.centrocapta.cl\/wp-content\/uploads\/2022\/01\/IMG_1716-1536x1024.jpg 1536w, https:\/\/www.centrocapta.cl\/wp-content\/uploads\/2022\/01\/IMG_1716-2048x1365.jpg 2048w\" sizes=\"(max-width: 1024px) 100vw, 1024px\" \/><\/figure>\n\n\n\n<figure class=\"wp-block-image size-large\"><img decoding=\"async\" width=\"1024\" height=\"683\" data-id=\"2294\" src=\"https:\/\/www.centrocapta.cl\/wp-content\/uploads\/2022\/01\/Copia-de-IMG_1725-1024x683.jpg\" alt=\"\" class=\"wp-image-2294\" srcset=\"https:\/\/www.centrocapta.cl\/wp-content\/uploads\/2022\/01\/Copia-de-IMG_1725-1024x683.jpg 1024w, https:\/\/www.centrocapta.cl\/wp-content\/uploads\/2022\/01\/Copia-de-IMG_1725-300x200.jpg 300w, https:\/\/www.centrocapta.cl\/wp-content\/uploads\/2022\/01\/Copia-de-IMG_1725-768x512.jpg 768w, https:\/\/www.centrocapta.cl\/wp-content\/uploads\/2022\/01\/Copia-de-IMG_1725-1536x1024.jpg 1536w, https:\/\/www.centrocapta.cl\/wp-content\/uploads\/2022\/01\/Copia-de-IMG_1725-2048x1365.jpg 2048w\" sizes=\"(max-width: 1024px) 100vw, 1024px\" \/><\/figure>\n\n\n\n<figure class=\"wp-block-image size-large\"><img decoding=\"async\" width=\"1024\" height=\"683\" data-id=\"2295\" src=\"https:\/\/www.centrocapta.cl\/wp-content\/uploads\/2022\/01\/IMG_1723-1024x683.jpg\" alt=\"\" class=\"wp-image-2295\" srcset=\"https:\/\/www.centrocapta.cl\/wp-content\/uploads\/2022\/01\/IMG_1723-1024x683.jpg 1024w, https:\/\/www.centrocapta.cl\/wp-content\/uploads\/2022\/01\/IMG_1723-300x200.jpg 300w, https:\/\/www.centrocapta.cl\/wp-content\/uploads\/2022\/01\/IMG_1723-768x512.jpg 768w, https:\/\/www.centrocapta.cl\/wp-content\/uploads\/2022\/01\/IMG_1723-1536x1024.jpg 1536w, https:\/\/www.centrocapta.cl\/wp-content\/uploads\/2022\/01\/IMG_1723-2048x1365.jpg 2048w\" sizes=\"(max-width: 1024px) 100vw, 1024px\" \/><\/figure>\n\n\n\n<figure class=\"wp-block-image size-large\"><img loading=\"lazy\" decoding=\"async\" width=\"1024\" height=\"683\" data-id=\"2292\" src=\"https:\/\/www.centrocapta.cl\/wp-content\/uploads\/2022\/01\/IMG_1736-1024x683.jpg\" alt=\"\" class=\"wp-image-2292\" srcset=\"https:\/\/www.centrocapta.cl\/wp-content\/uploads\/2022\/01\/IMG_1736-1024x683.jpg 1024w, https:\/\/www.centrocapta.cl\/wp-content\/uploads\/2022\/01\/IMG_1736-300x200.jpg 300w, https:\/\/www.centrocapta.cl\/wp-content\/uploads\/2022\/01\/IMG_1736-768x512.jpg 768w, https:\/\/www.centrocapta.cl\/wp-content\/uploads\/2022\/01\/IMG_1736-1536x1024.jpg 1536w, https:\/\/www.centrocapta.cl\/wp-content\/uploads\/2022\/01\/IMG_1736-2048x1365.jpg 2048w\" sizes=\"(max-width: 1024px) 100vw, 1024px\" \/><\/figure>\n<\/figure>\n\n\n\n<p class=\"has-text-align-right\">31-01-2022<\/p>\n","protected":false},"excerpt":{"rendered":"<p>Equipos de investigaci\u00f3n, colaboraci\u00f3n, los Consejos (Estrat\u00e9gico y T\u00e9cnico) e invitadas (os) especiales, participaron de la primera reuni\u00f3n presencial del Centro Avanzado para Tecnolog\u00edas del Agua, CAPTA, en la Facultad de Ciencias F\u00edsicas y Matem\u00e1ticas (FCFM) de la Universidad de Chile. Tras casi dos a\u00f1os de actividades conectados en l\u00ednea, las personas que integran activamente [&hellip;]<\/p>\n","protected":false},"author":3,"featured_media":2291,"comment_status":"closed","ping_status":"open","sticky":false,"template":"","format":"standard","meta":{"footnotes":""},"categories":[31],"tags":[],"class_list":["post-2289","post","type-post","status-publish","format-standard","has-post-thumbnail","hentry","category-noticia"],"_links":{"self":[{"href":"https:\/\/www.centrocapta.cl\/index.php?rest_route=\/wp\/v2\/posts\/2289","targetHints":{"allow":["GET"]}}],"collection":[{"href":"https:\/\/www.centrocapta.cl\/index.php?rest_route=\/wp\/v2\/posts"}],"about":[{"href":"https:\/\/www.centrocapta.cl\/index.php?rest_route=\/wp\/v2\/types\/post"}],"author":[{"embeddable":true,"href":"https:\/\/www.centrocapta.cl\/index.php?rest_route=\/wp\/v2\/users\/3"}],"replies":[{"embeddable":true,"href":"https:\/\/www.centrocapta.cl\/index.php?rest_route=%2Fwp%2Fv2%2Fcomments&post=2289"}],"version-history":[{"count":6,"href":"https:\/\/www.centrocapta.cl\/index.php?rest_route=\/wp\/v2\/posts\/2289\/revisions"}],"predecessor-version":[{"id":2301,"href":"https:\/\/www.centrocapta.cl\/index.php?rest_route=\/wp\/v2\/posts\/2289\/revisions\/2301"}],"wp:featuredmedia":[{"embeddable":true,"href":"https:\/\/www.centrocapta.cl\/index.php?rest_route=\/wp\/v2\/media\/2291"}],"wp:attachment":[{"href":"https:\/\/www.centrocapta.cl\/index.php?rest_route=%2Fwp%2Fv2%2Fmedia&parent=2289"}],"wp:term":[{"taxonomy":"category","embeddable":true,"href":"https:\/\/www.centrocapta.cl\/index.php?rest_route=%2Fwp%2Fv2%2Fcategories&post=2289"},{"taxonomy":"post_tag","embeddable":true,"href":"https:\/\/www.centrocapta.cl\/index.php?rest_route=%2Fwp%2Fv2%2Ftags&post=2289"}],"curies":[{"name":"wp","href":"https:\/\/api.w.org\/{rel}","templated":true}]}}