{"id":2194,"date":"2021-10-14T12:00:31","date_gmt":"2021-10-14T15:00:31","guid":{"rendered":"https:\/\/www.centrocapta.cl\/?p=2194"},"modified":"2021-10-14T12:45:25","modified_gmt":"2021-10-14T15:45:25","slug":"comenzo-el-xxv-congreso-chileno-de-ingenieria-hidraulica","status":"publish","type":"post","link":"https:\/\/www.centrocapta.cl\/?p=2194","title":{"rendered":"Comenz\u00f3 el XXV Congreso Chileno de Ingenier\u00eda Hidr\u00e1ulica"},"content":{"rendered":"\n<p><em>Evento presentado por el C<\/em>e<em>ntro Avanzado de Tecnolog\u00edas del Agua (CAPTA), organizado por el Departamento de Ingenier\u00eda Civil de la Universidad de Chile. Convoca la Sociedad Chilena de Ingenier\u00eda Hidr\u00e1ulica. (SOCHID) <\/em><\/p>\n\n\n\n<p>El mi\u00e9rcoles 13 de octubre fue inaugurada la reuni\u00f3n m\u00e1s importante de intercambio t\u00e9cnico- cient\u00edfico de Chile, sobre el cuidado y futuro del agua en nuestro pa\u00eds. Con el lema \u201cmedio siglo ense\u00f1ando que sin agua no hay futuro\u201d, el XXV Congreso Chileno de Ingenier\u00eda Hidr\u00e1ulica cumple 50 a\u00f1os, con m\u00e1s de 70 sesiones t\u00e9cnicas y charlas magistrales en las que se presentan y discuten las contribuciones a la ingenier\u00eda hidr\u00e1ulica. El evento es convocado por la\u00a0<a href=\"http:\/\/www.sochid.cl\/\"><strong>Sociedad Chilena de Ingenier\u00eda Hidr\u00e1ulica (Sochid)<\/strong><\/a>\u00a0y organizado por la Divisi\u00f3n de Recursos H\u00eddricos y Medio Ambiente (RHMA) del\u00a0<a href=\"http:\/\/www.ingcivil.uchile.cl\/\"><strong>Departamento de Ingenier\u00eda Civil de la Universidad de Chile<\/strong><\/a>, y se realiza los d\u00edas\u00a0<strong>13, 14 y 15 de octubre de 2021, en modalidad online<\/strong>.<\/p>\n\n\n\n<p><\/p>\n\n\n\n<div class=\"wp-block-image\"><figure class=\"alignleft size-full is-resized\"><img fetchpriority=\"high\" decoding=\"async\" src=\"https:\/\/www.centrocapta.cl\/wp-content\/uploads\/2021\/10\/Aldo-Tamburrino-1.png\" alt=\"\" class=\"wp-image-2206\" width=\"411\" height=\"231\" srcset=\"https:\/\/www.centrocapta.cl\/wp-content\/uploads\/2021\/10\/Aldo-Tamburrino-1.png 589w, https:\/\/www.centrocapta.cl\/wp-content\/uploads\/2021\/10\/Aldo-Tamburrino-1-300x169.png 300w, https:\/\/www.centrocapta.cl\/wp-content\/uploads\/2021\/10\/Aldo-Tamburrino-1-390x220.png 390w\" sizes=\"(max-width: 411px) 100vw, 411px\" \/><figcaption>Profesor Aldo Tamburrino. Acad\u00e9mico de la Universidad de Chile y presidente del Comit\u00e9 Organizador.<\/figcaption><\/figure><\/div>\n\n\n\n<p>Abri\u00f3 la actividad el profesor de la Universidad de Chile, director de Sochid y presidente del comit\u00e9 organizador,\u00a0<strong>Aldo Tamburrino Tavantzis<\/strong>, quien record\u00f3 el primer congreso realizado en 1971, bajo el nombre de coloquio y destacando c\u00f3mo la participaci\u00f3n de las mujeres ha ido aumentando gradualmente, siendo hoy en d\u00eda un 27% del total de autores. Adem\u00e1s, explic\u00f3: \u201cHa habido cambios desde el punto de vista t\u00e9cnico, en el primer congreso hab\u00eda b\u00e1sicamente tres temas; mec\u00e1nica de fluidos e hidr\u00e1ulica fundamental, despu\u00e9s estaba hidrolog\u00eda y recursos h\u00eddricos y un tercer tema que se abordaba era obras hidr\u00e1ulicas. Ahora ya evidentemente eso es demasiado restrictivo y desde hace ya varios a\u00f1os en los congresos hay adem\u00e1s de esos temas, los que tienen que ver con ingenier\u00eda ambiental, hidr\u00e1ulica mar\u00edtima, hidrolog\u00eda y calidad de aguas, mostrando c\u00f3mo ha ido evolucionando la hidr\u00e1ulica en nuestra sociedad\u201d.<\/p>\n\n\n\n<div class=\"wp-block-image\"><figure class=\"alignright size-full is-resized\"><img decoding=\"async\" src=\"https:\/\/www.centrocapta.cl\/wp-content\/uploads\/2021\/10\/scarlett.png\" alt=\"\" class=\"wp-image-2198\" width=\"441\" height=\"248\" srcset=\"https:\/\/www.centrocapta.cl\/wp-content\/uploads\/2021\/10\/scarlett.png 589w, https:\/\/www.centrocapta.cl\/wp-content\/uploads\/2021\/10\/scarlett-300x169.png 300w, https:\/\/www.centrocapta.cl\/wp-content\/uploads\/2021\/10\/scarlett-390x220.png 390w\" sizes=\"(max-width: 441px) 100vw, 441px\" \/><figcaption><meta charset=\"utf-8\"><strong>Presidenta de la Sochid, Scarlett V\u00e1squez.<\/strong><\/figcaption><\/figure><\/div>\n\n\n\n<p>Luego, la presidenta de la Sociedad Chilena de Ingenier\u00eda Hidr\u00e1ulica, y directora ejecutiva (s) del Instituto Nacional de Hidr\u00e1ulica (INH),\u00a0<strong>Scarlett V\u00e1squez Paulus<\/strong>, agradeci\u00f3 a los precursores de la Sochid y del congreso por las s\u00f3lidas bases construidas y relev\u00f3 la importancia de las nuevas generaciones en el desarrollo de la hidr\u00e1ulica. \u201cHay una sociedad que cada vez es m\u00e1s compleja, con trabajo compartimentado, m\u00e1s diverso, otras tem\u00e1ticas que se han ido abriendo y esta situaci\u00f3n hace cada vez m\u00e1s necesario mantener y fortalecer v\u00ednculos, generar comunidad entre los ingenieros hidr\u00e1ulicos, que estamos presentes en los distintos espacios, ll\u00e1mese la academia, la consultor\u00eda, la industria, el Estado y las combinaciones de ellos, porque hay profesionales que est\u00e1n en distintos de esos \u00e1mbitos\u201d, declar\u00f3.<\/p>\n\n\n\n<div class=\"wp-block-image\"><figure class=\"alignleft size-full is-resized\"><img decoding=\"async\" src=\"https:\/\/www.centrocapta.cl\/wp-content\/uploads\/2021\/10\/varas-1.png\" alt=\"\" class=\"wp-image-2204\" width=\"431\" height=\"242\" srcset=\"https:\/\/www.centrocapta.cl\/wp-content\/uploads\/2021\/10\/varas-1.png 589w, https:\/\/www.centrocapta.cl\/wp-content\/uploads\/2021\/10\/varas-1-300x169.png 300w, https:\/\/www.centrocapta.cl\/wp-content\/uploads\/2021\/10\/varas-1-390x220.png 390w\" sizes=\"(max-width: 431px) 100vw, 431px\" \/><figcaption><meta charset=\"utf-8\"><strong>Profesor Eduardo Varas, reconocido con el premio Francisco Javier Dom\u00ednguez.<\/strong><\/figcaption><\/figure><\/div>\n\n\n\n<p>En la instancia se entreg\u00f3 el\u00a0<strong>premio Francisco Javier Dom\u00ednguez 2021<\/strong>, que destaca a un ingeniero o ingeniera por su aporte profesional e investigativo en la ingenier\u00eda hidr\u00e1ulica. El reconocimiento fue para el profesor em\u00e9rito de la Escuela de Ingenier\u00eda UC,\u00a0<strong>Eduardo Varas Castell\u00f3n<\/strong>, ingeniero civil de la Pontificia Universidad Cat\u00f3lica de Chile con 50 a\u00f1os de labor en docencia, investigaci\u00f3n y extensi\u00f3n. El profesor agradeci\u00f3 el premio y manifest\u00f3: \u201cEsta distinci\u00f3n tiene un especial significado por haber sido el profesor Dom\u00ednguez quien gui\u00f3 mis primeros pasos en el mundo de la hidr\u00e1ulica\u201d. Y agreg\u00f3: \u201cLa geograf\u00eda y geomorfolog\u00eda en Chile es un don de Dios que permite con su diversidad constituir un laboratorio natural, donde est\u00e1n presentes monta\u00f1as, glaciares, lagos, cordilleras, valles, desiertos y r\u00edos muy distintos entre s\u00ed, que requieren imaginaci\u00f3n y conocimiento de ingenier\u00eda hidr\u00e1ulica para el aprovechamiento sustentable de los recursos naturales\u201d.<\/p>\n\n\n\n<div class=\"wp-block-image\"><figure class=\"alignright size-full is-resized\"><img loading=\"lazy\" decoding=\"async\" src=\"https:\/\/www.centrocapta.cl\/wp-content\/uploads\/2021\/10\/Francisco-Martinez.png\" alt=\"\" class=\"wp-image-2199\" width=\"490\" height=\"275\" srcset=\"https:\/\/www.centrocapta.cl\/wp-content\/uploads\/2021\/10\/Francisco-Martinez.png 589w, https:\/\/www.centrocapta.cl\/wp-content\/uploads\/2021\/10\/Francisco-Martinez-300x169.png 300w, https:\/\/www.centrocapta.cl\/wp-content\/uploads\/2021\/10\/Francisco-Martinez-390x220.png 390w\" sizes=\"(max-width: 490px) 100vw, 490px\" \/><figcaption>Profesor\u00a0<strong>Francisco Mart\u00ednez Concha<\/strong>, decano de la Facultad de Ciencias F\u00edsicas y Matem\u00e1ticas de la Universidad de Chile<\/figcaption><\/figure><\/div>\n\n\n\n<p>El profesor\u00a0<strong>Francisco Mart\u00ednez Concha<\/strong>, decano de la Facultad de Ciencias F\u00edsicas y Matem\u00e1ticas de la Universidad de Chile, cerr\u00f3 la inauguraci\u00f3n, comentando c\u00f3mo los temas de la ingenier\u00eda hidr\u00e1ulica han cambiado en el tiempo, llegando hoy en d\u00eda a enfrentarnos a los desaf\u00edos de la escasez hidr\u00e1ulica y cambio clim\u00e1tico. \u201cSin duda que el agua es un factor principal en nuestra vida hoy d\u00eda y sobre todo en nuestra vida como ingenieros, as\u00ed que espero que este congreso sea un punto de encuentro para reflexionar, para encontrarse, para discutir\u201d, asegur\u00f3.<\/p>\n\n\n\n<p>A continuaci\u00f3n, el profesor e ingeniero civil hidr\u00e1ulico,&nbsp;<strong>Alejandro L\u00f3pez Alvarado<\/strong>, quien cuenta con m\u00e1s de 60 a\u00f1os de experiencia, dict\u00f3 su charla magistral: La Sociedad Chilena de Ingenier\u00eda Hidr\u00e1ulica y su aporte a la Hidr\u00e1ulica en el Pa\u00eds. El 14 de octubre corresponde el turno a la profesora de la Universidad de Chile e investigadora del Centro Avanzado para Tecnolog\u00edas del Agua (CAPTA),&nbsp;<strong>Katherine Lizama Allende,<\/strong>&nbsp;y el 15 de octubre har\u00e1 lo propio el profesor&nbsp;<strong>Willy Kracht Gajardo,<\/strong>&nbsp;acad\u00e9mico del Departamento de Ingenier\u00eda de Minas y subdirector del Centro de Tecnolog\u00eda Avanzada para la Miner\u00eda (AMTC).<\/p>\n\n\n\n<p>Para mayor informaci\u00f3n se puede ingresar al sitio oficial del Congreso:&nbsp;<a href=\"https:\/\/congresohidraulica2021.ing.uchile.cl\/\">https:\/\/congresohidraulica2021.ing.uchile.cl\/<\/a>.<\/p>\n\n\n\n<p class=\"has-text-align-right\">14-10-2021<\/p>\n\n\n\n<figure class=\"wp-block-gallery columns-3 is-cropped wp-block-gallery-1 is-layout-flex wp-block-gallery-is-layout-flex\"><ul class=\"blocks-gallery-grid\"><li class=\"blocks-gallery-item\"><figure><img loading=\"lazy\" decoding=\"async\" width=\"589\" height=\"331\" src=\"https:\/\/www.centrocapta.cl\/wp-content\/uploads\/2021\/10\/varas.png\" alt=\"\" data-id=\"2196\" data-link=\"https:\/\/www.centrocapta.cl\/?attachment_id=2196\" class=\"wp-image-2196\" srcset=\"https:\/\/www.centrocapta.cl\/wp-content\/uploads\/2021\/10\/varas.png 589w, https:\/\/www.centrocapta.cl\/wp-content\/uploads\/2021\/10\/varas-300x169.png 300w, https:\/\/www.centrocapta.cl\/wp-content\/uploads\/2021\/10\/varas-390x220.png 390w\" sizes=\"(max-width: 589px) 100vw, 589px\" \/><figcaption class=\"blocks-gallery-item__caption\"><strong>Profesor Eduardo Varas, reconocido con el premio Francisco Javier Dom\u00ednguez.<\/strong><\/figcaption><\/figure><\/li><li class=\"blocks-gallery-item\"><figure><img loading=\"lazy\" decoding=\"async\" width=\"589\" height=\"331\" src=\"https:\/\/www.centrocapta.cl\/wp-content\/uploads\/2021\/10\/Aldo-Tamburrino.png\" alt=\"\" data-id=\"2197\" data-link=\"https:\/\/www.centrocapta.cl\/?attachment_id=2197\" class=\"wp-image-2197\" srcset=\"https:\/\/www.centrocapta.cl\/wp-content\/uploads\/2021\/10\/Aldo-Tamburrino.png 589w, https:\/\/www.centrocapta.cl\/wp-content\/uploads\/2021\/10\/Aldo-Tamburrino-300x169.png 300w, https:\/\/www.centrocapta.cl\/wp-content\/uploads\/2021\/10\/Aldo-Tamburrino-390x220.png 390w\" sizes=\"(max-width: 589px) 100vw, 589px\" \/><figcaption class=\"blocks-gallery-item__caption\"><strong>Profesor Aldo Tamburrino<\/strong>, presidente Comisi\u00f3n Organizadora Congreso<\/figcaption><\/figure><\/li><li class=\"blocks-gallery-item\"><figure><img loading=\"lazy\" decoding=\"async\" width=\"589\" height=\"331\" src=\"https:\/\/www.centrocapta.cl\/wp-content\/uploads\/2021\/10\/scarlett.png\" alt=\"\" data-id=\"2198\" data-link=\"https:\/\/www.centrocapta.cl\/?attachment_id=2198\" class=\"wp-image-2198\" srcset=\"https:\/\/www.centrocapta.cl\/wp-content\/uploads\/2021\/10\/scarlett.png 589w, https:\/\/www.centrocapta.cl\/wp-content\/uploads\/2021\/10\/scarlett-300x169.png 300w, https:\/\/www.centrocapta.cl\/wp-content\/uploads\/2021\/10\/scarlett-390x220.png 390w\" sizes=\"(max-width: 589px) 100vw, 589px\" \/><figcaption class=\"blocks-gallery-item__caption\"><strong>Presidenta de la Sochid, Scarlett V\u00e1squez.<\/strong><\/figcaption><\/figure><\/li><li class=\"blocks-gallery-item\"><figure><img loading=\"lazy\" decoding=\"async\" width=\"589\" height=\"331\" src=\"https:\/\/www.centrocapta.cl\/wp-content\/uploads\/2021\/10\/Francisco-Martinez.png\" alt=\"\" data-id=\"2199\" data-full-url=\"https:\/\/www.centrocapta.cl\/wp-content\/uploads\/2021\/10\/Francisco-Martinez.png\" data-link=\"https:\/\/www.centrocapta.cl\/?attachment_id=2199\" class=\"wp-image-2199\" srcset=\"https:\/\/www.centrocapta.cl\/wp-content\/uploads\/2021\/10\/Francisco-Martinez.png 589w, https:\/\/www.centrocapta.cl\/wp-content\/uploads\/2021\/10\/Francisco-Martinez-300x169.png 300w, https:\/\/www.centrocapta.cl\/wp-content\/uploads\/2021\/10\/Francisco-Martinez-390x220.png 390w\" sizes=\"(max-width: 589px) 100vw, 589px\" \/><figcaption class=\"blocks-gallery-item__caption\">Decano de la Facultad de Ciencias F\u00edsicas y Matem\u00e1ticas de la Universidad de Chile, Francisco Mart\u00ednez Concha.<\/figcaption><\/figure><\/li><\/ul><\/figure>\n","protected":false},"excerpt":{"rendered":"<p>Evento presentado por el Centro Avanzado de Tecnolog\u00edas del Agua (CAPTA), organizado por el Departamento de Ingenier\u00eda Civil de la Universidad de Chile. Convoca la Sociedad Chilena de Ingenier\u00eda Hidr\u00e1ulica. (SOCHID) El mi\u00e9rcoles 13 de octubre fue inaugurada la reuni\u00f3n m\u00e1s importante de intercambio t\u00e9cnico- cient\u00edfico de Chile, sobre el cuidado y futuro del agua [&hellip;]<\/p>\n","protected":false},"author":3,"featured_media":2201,"comment_status":"closed","ping_status":"open","sticky":false,"template":"","format":"standard","meta":{"footnotes":""},"categories":[31],"tags":[],"class_list":["post-2194","post","type-post","status-publish","format-standard","has-post-thumbnail","hentry","category-noticia"],"_links":{"self":[{"href":"https:\/\/www.centrocapta.cl\/index.php?rest_route=\/wp\/v2\/posts\/2194","targetHints":{"allow":["GET"]}}],"collection":[{"href":"https:\/\/www.centrocapta.cl\/index.php?rest_route=\/wp\/v2\/posts"}],"about":[{"href":"https:\/\/www.centrocapta.cl\/index.php?rest_route=\/wp\/v2\/types\/post"}],"author":[{"embeddable":true,"href":"https:\/\/www.centrocapta.cl\/index.php?rest_route=\/wp\/v2\/users\/3"}],"replies":[{"embeddable":true,"href":"https:\/\/www.centrocapta.cl\/index.php?rest_route=%2Fwp%2Fv2%2Fcomments&post=2194"}],"version-history":[{"count":7,"href":"https:\/\/www.centrocapta.cl\/index.php?rest_route=\/wp\/v2\/posts\/2194\/revisions"}],"predecessor-version":[{"id":2209,"href":"https:\/\/www.centrocapta.cl\/index.php?rest_route=\/wp\/v2\/posts\/2194\/revisions\/2209"}],"wp:featuredmedia":[{"embeddable":true,"href":"https:\/\/www.centrocapta.cl\/index.php?rest_route=\/wp\/v2\/media\/2201"}],"wp:attachment":[{"href":"https:\/\/www.centrocapta.cl\/index.php?rest_route=%2Fwp%2Fv2%2Fmedia&parent=2194"}],"wp:term":[{"taxonomy":"category","embeddable":true,"href":"https:\/\/www.centrocapta.cl\/index.php?rest_route=%2Fwp%2Fv2%2Fcategories&post=2194"},{"taxonomy":"post_tag","embeddable":true,"href":"https:\/\/www.centrocapta.cl\/index.php?rest_route=%2Fwp%2Fv2%2Ftags&post=2194"}],"curies":[{"name":"wp","href":"https:\/\/api.w.org\/{rel}","templated":true}]}}