{"id":2114,"date":"2021-08-09T20:29:07","date_gmt":"2021-08-09T23:29:07","guid":{"rendered":"https:\/\/www.centrocapta.cl\/?p=2114"},"modified":"2021-08-13T17:22:23","modified_gmt":"2021-08-13T20:22:23","slug":"capta-presenta-webinar-relevancias-alcances-y-reformas-al-proyecto-codigo-de-aguas-en-chile","status":"publish","type":"post","link":"https:\/\/www.centrocapta.cl\/?p=2114","title":{"rendered":"CAPTA presenta Webinar: \u201cRelevancias, Alcances y Reformas al Proyecto C\u00f3digo de aguas en Chile&#8221;"},"content":{"rendered":"\n<p>Tras una d\u00e9cada de tramitaci\u00f3n en el Congreso, el proyecto de C\u00f3digo de Agua comienza su \u00faltima etapa legislativa en la sala del Senado, por lo mismo, el <strong>Centro Avanzado para Tecnolog\u00edas del Agua, CAPTA<\/strong> en&nbsp;colaboraci\u00f3n con el&nbsp;<strong>Centro de Ciencia del Clima y la Resiliencia (CR)2<\/strong>, ambos de la Universidad de Chile, presentan el Webinar titulado: \u201cRelevancias, Alcances y Reformas al Proyecto C\u00f3digo de aguas en Chile&#8221; para poder dar luces sobre las relevancias y alcances al proyecto, el pr\u00f3ximo jueves 12 de agosto, a las 17:30 horas, v\u00eda YouTube Live.&nbsp;<\/p>\n\n\n\n<p><strong>Expone:<\/strong> <\/p>\n\n\n\n<p><strong>Humberto Pe\u00f1a<\/strong>, ingeniero civil hidr\u00e1ulico y consultor en DIAagua.<\/p>\n\n\n\n<p><strong>Pilar Moraga<\/strong>, abogada y acad\u00e9mica de la Facultad de Derecho de la Universidad de Chile.<\/p>\n\n\n\n<p><strong>Rodrigo Fuster<\/strong>, ingeniero agr\u00f3nomo y acad\u00e9mico de la Facultad de Ciencias Agron\u00f3micas de la Universidad de Chile.<\/p>\n\n\n\n<p><strong>Katherine Lizama<\/strong>, ingeniera civil y acad\u00e9mica de la Facultad de Ciencias F\u00edsicas y Matem\u00e1ticas de la Universidad de Chile. (Moderadora) <\/p>\n\n\n\n<p><strong>Cu\u00e1ndo:<\/strong> Jueves 12 de agosto.<\/p>\n\n\n\n<p><strong>Hora:<\/strong> 17:30 horas.<\/p>\n\n\n\n<p><strong>D\u00f3nde:<\/strong> YouTube Live.<\/p>\n\n\n\n<p><strong>Inscripciones:<\/strong> <a rel=\"noreferrer noopener\" href=\"https:\/\/lnkd.in\/dXHX_BE5\" target=\"_blank\">https:\/\/lnkd.in\/dXHX_BE5<\/a>&nbsp;&nbsp;o escaneando el c\u00f3digo QR de la imagen.<\/p>\n\n\n\n<p>V\u00eda YouTube Live:\u00a0<a rel=\"noreferrer noopener\" href=\"https:\/\/lnkd.in\/dmFrKmiJ\" target=\"_blank\">https:\/\/lnkd.in\/dmFrKmiJ<\/a><\/p>\n\n\n\n<p><\/p>\n\n\n\n<p><strong>\u00bfTe perdiste nuestro Webinar?<\/strong><\/p>\n\n\n\n<p>Te invitamos a revisarlo aqu\u00ed.<\/p>\n\n\n\n<figure class=\"wp-block-embed is-type-video is-provider-youtube wp-block-embed-youtube wp-embed-aspect-16-9 wp-has-aspect-ratio\"><div class=\"wp-block-embed__wrapper\">\n<iframe title=\"Webinar: &quot;Relevancias, Alcances y Reformas al Proyecto: C\u00f3digo de aguas&quot;\" width=\"500\" height=\"281\" src=\"https:\/\/www.youtube.com\/embed\/pVuVLzu9Tco?feature=oembed\" frameborder=\"0\" allow=\"accelerometer; autoplay; clipboard-write; encrypted-media; gyroscope; picture-in-picture; web-share\" referrerpolicy=\"strict-origin-when-cross-origin\" allowfullscreen><\/iframe>\n<\/div><\/figure>\n\n\n\n<p><\/p>\n\n\n\n<figure class=\"wp-block-image size-large\"><img fetchpriority=\"high\" decoding=\"async\" width=\"819\" height=\"1024\" src=\"https:\/\/www.centrocapta.cl\/wp-content\/uploads\/2021\/08\/12-de-agosto-CAPTA-819x1024.jpeg\" alt=\"\" class=\"wp-image-2115\" srcset=\"https:\/\/www.centrocapta.cl\/wp-content\/uploads\/2021\/08\/12-de-agosto-CAPTA-819x1024.jpeg 819w, https:\/\/www.centrocapta.cl\/wp-content\/uploads\/2021\/08\/12-de-agosto-CAPTA-240x300.jpeg 240w, https:\/\/www.centrocapta.cl\/wp-content\/uploads\/2021\/08\/12-de-agosto-CAPTA-768x960.jpeg 768w, https:\/\/www.centrocapta.cl\/wp-content\/uploads\/2021\/08\/12-de-agosto-CAPTA.jpeg 1080w\" sizes=\"(max-width: 819px) 100vw, 819px\" \/><\/figure>\n","protected":false},"excerpt":{"rendered":"<p>Tras una d\u00e9cada de tramitaci\u00f3n en el Congreso, el proyecto de C\u00f3digo de Agua comienza su \u00faltima etapa legislativa en la sala del Senado, por lo mismo, el Centro Avanzado para Tecnolog\u00edas del Agua, CAPTA en&nbsp;colaboraci\u00f3n con el&nbsp;Centro de Ciencia del Clima y la Resiliencia (CR)2, ambos de la Universidad de Chile, presentan el Webinar [&hellip;]<\/p>\n","protected":false},"author":3,"featured_media":2117,"comment_status":"closed","ping_status":"open","sticky":false,"template":"","format":"standard","meta":{"footnotes":""},"categories":[31],"tags":[],"class_list":["post-2114","post","type-post","status-publish","format-standard","has-post-thumbnail","hentry","category-noticia"],"_links":{"self":[{"href":"https:\/\/www.centrocapta.cl\/index.php?rest_route=\/wp\/v2\/posts\/2114","targetHints":{"allow":["GET"]}}],"collection":[{"href":"https:\/\/www.centrocapta.cl\/index.php?rest_route=\/wp\/v2\/posts"}],"about":[{"href":"https:\/\/www.centrocapta.cl\/index.php?rest_route=\/wp\/v2\/types\/post"}],"author":[{"embeddable":true,"href":"https:\/\/www.centrocapta.cl\/index.php?rest_route=\/wp\/v2\/users\/3"}],"replies":[{"embeddable":true,"href":"https:\/\/www.centrocapta.cl\/index.php?rest_route=%2Fwp%2Fv2%2Fcomments&post=2114"}],"version-history":[{"count":9,"href":"https:\/\/www.centrocapta.cl\/index.php?rest_route=\/wp\/v2\/posts\/2114\/revisions"}],"predecessor-version":[{"id":2127,"href":"https:\/\/www.centrocapta.cl\/index.php?rest_route=\/wp\/v2\/posts\/2114\/revisions\/2127"}],"wp:featuredmedia":[{"embeddable":true,"href":"https:\/\/www.centrocapta.cl\/index.php?rest_route=\/wp\/v2\/media\/2117"}],"wp:attachment":[{"href":"https:\/\/www.centrocapta.cl\/index.php?rest_route=%2Fwp%2Fv2%2Fmedia&parent=2114"}],"wp:term":[{"taxonomy":"category","embeddable":true,"href":"https:\/\/www.centrocapta.cl\/index.php?rest_route=%2Fwp%2Fv2%2Fcategories&post=2114"},{"taxonomy":"post_tag","embeddable":true,"href":"https:\/\/www.centrocapta.cl\/index.php?rest_route=%2Fwp%2Fv2%2Ftags&post=2114"}],"curies":[{"name":"wp","href":"https:\/\/api.w.org\/{rel}","templated":true}]}}