{"id":1951,"date":"2021-03-31T14:05:48","date_gmt":"2021-03-31T17:05:48","guid":{"rendered":"https:\/\/www.centrocapta.cl\/?p=1951"},"modified":"2021-03-31T16:15:44","modified_gmt":"2021-03-31T19:15:44","slug":"investigadores-capta-son-invitados-como-charlistas-en-el-ciclo-de-seminarios-organizado-por-el-centro-de-referencia-copernicus-chile","status":"publish","type":"post","link":"https:\/\/www.centrocapta.cl\/?p=1951","title":{"rendered":"Investigadores CAPTA son invitados como charlistas al Ciclo de Seminarios organizado por el Centro de Referencia Copernicus Chile"},"content":{"rendered":"\n<p>Se trata de los investigadores <strong>Jaime Ortega<\/strong> y <strong>Juvenal Letelier<\/strong>, ambos pertenecen al proyecto 6 de nuestro Consorcio.<\/p>\n\n\n\n<p>Investigadores del <strong>Centro Avanzado para Tecnolog\u00edas del Agua, CAPTA<\/strong> participaron como expositores en el segundo encuentro del <strong>Ciclo de Seminarios Quincenales de la Alianza Copernicus\u2013Chile<\/strong> del Centro de <strong>Referencia Copernicus<\/strong>.<\/p>\n\n\n\n<p>Con dos actividades mensuales, el encuentro invita a exponer a destacados cient\u00edficos de diversos \u00e1mbitos del quehacer nacional, en especial a quienes utilizan im\u00e1genes satelitales del programa Copernicus de la Uni\u00f3n Europea.<\/p>\n\n\n\n<p>En la segunda charla de este a\u00f1o expusieron dos de nuestros investigadores; <strong>Jaime Ortega<\/strong> y <strong>Juvenal Letelier<\/strong>, quienes expusieron la charla titulada <strong>\u201cMonitoreo remoto de acu\u00edferos con uso de interferometr\u00eda satelital\u201d, <\/strong>la cual se realiz\u00f3 de forma remota<strong>. <\/strong>La presentaci\u00f3n mostr\u00f3 los avances del proyecto 6 de CAPTA que busca vigilar y analizar la extracci\u00f3n de agua en acu\u00edferos, espec\u00edficamente en la regi\u00f3n de Valpara\u00edso.<\/p>\n\n\n\n<p>\u201cEstar presentes en este seminario es una excelente oportunidad para nosotros, porque nos ayuda a exponer nuestro trabajo a una audiencia m\u00e1s diversificada, adem\u00e1s de promover la difusi\u00f3n hacia actores pertenecientes a otros \u00e1mbitos, quienes podr\u00edan aumentar su curiosidad por nuestro estudio y generar nuevas oportunidades de colaboraci\u00f3n\u201d. Destaca, <strong>Juvenal Letelier<\/strong> al final de su presentaci\u00f3n.<\/p>\n\n\n\n<p>Por su parte, <strong>Jaime Ortega<\/strong>, l\u00edder del proyecto 6 menciona que \u201cclaramente los seminarios relacionados con el manejo de los recursos h\u00eddricos son un tema de gran inter\u00e9s. As\u00ed se vio reflejado en la audiencia que asisti\u00f3 a la presentaci\u00f3n online\u201d.<\/p>\n\n\n\n<p>Finalmente <strong>Jaime Ortega<\/strong> agrega, \u201ca nuestro parecer el desarrollo de herramientas remotas para el control y seguimiento de los recursos h\u00eddricos es vital, m\u00e1s a\u00fan en un momento cr\u00edtico como es la actual situaci\u00f3n h\u00eddrica del pa\u00eds. En particular el desarrollo de la interferometr\u00eda satelital puede aportar en esta tarea. Lamentablemente, debido a la pandemia, nuestro proyecto ha sufrido retrasos ya que los trabajos en terreno no se han podido realizar de acuerdo a lo esperado, sin embargo esperamos que estos resultados puedan ser calibrados y avanzar en el desarrollo de nuevas metodolog\u00edas de monitoreo\u201d.<\/p>\n\n\n\n<p>Para poder revisar esta presentaci\u00f3n se puede visitar el repositorio del Ciclo de Seminarios Quincenales de la Alianza Copernicus- Chile y ver el ciclo completo&nbsp;de seminarios, <a rel=\"noreferrer noopener\" href=\"https:\/\/copernicus-chile.cl\/recursos\/#seminarios\" target=\"_blank\">aqu\u00ed.<\/a><\/p>\n\n\n\n<div class=\"wp-block-group\"><div class=\"wp-block-group__inner-container is-layout-flow wp-block-group-is-layout-flow\">\n<figure class=\"wp-block-gallery columns-3 is-cropped wp-block-gallery-1 is-layout-flex wp-block-gallery-is-layout-flex\"><ul class=\"blocks-gallery-grid\"><li class=\"blocks-gallery-item\"><figure><img fetchpriority=\"high\" decoding=\"async\" width=\"962\" height=\"716\" src=\"https:\/\/www.centrocapta.cl\/wp-content\/uploads\/2021\/03\/Captura-de-pantalla-2021-03-29-a-las-16.44.48-1.png\" alt=\"\" data-id=\"1961\" data-full-url=\"https:\/\/www.centrocapta.cl\/wp-content\/uploads\/2021\/03\/Captura-de-pantalla-2021-03-29-a-las-16.44.48-1.png\" data-link=\"https:\/\/www.centrocapta.cl\/?attachment_id=1961\" class=\"wp-image-1961\" srcset=\"https:\/\/www.centrocapta.cl\/wp-content\/uploads\/2021\/03\/Captura-de-pantalla-2021-03-29-a-las-16.44.48-1.png 962w, https:\/\/www.centrocapta.cl\/wp-content\/uploads\/2021\/03\/Captura-de-pantalla-2021-03-29-a-las-16.44.48-1-300x223.png 300w, https:\/\/www.centrocapta.cl\/wp-content\/uploads\/2021\/03\/Captura-de-pantalla-2021-03-29-a-las-16.44.48-1-768x572.png 768w\" sizes=\"(max-width: 962px) 100vw, 962px\" \/><\/figure><\/li><li class=\"blocks-gallery-item\"><figure><img decoding=\"async\" width=\"965\" height=\"673\" src=\"https:\/\/www.centrocapta.cl\/wp-content\/uploads\/2021\/03\/Captura-de-pantalla-2021-03-29-a-las-16.20.20.png\" alt=\"\" data-id=\"1962\" data-full-url=\"https:\/\/www.centrocapta.cl\/wp-content\/uploads\/2021\/03\/Captura-de-pantalla-2021-03-29-a-las-16.20.20.png\" data-link=\"https:\/\/www.centrocapta.cl\/?attachment_id=1962\" class=\"wp-image-1962\" srcset=\"https:\/\/www.centrocapta.cl\/wp-content\/uploads\/2021\/03\/Captura-de-pantalla-2021-03-29-a-las-16.20.20.png 965w, https:\/\/www.centrocapta.cl\/wp-content\/uploads\/2021\/03\/Captura-de-pantalla-2021-03-29-a-las-16.20.20-300x209.png 300w, https:\/\/www.centrocapta.cl\/wp-content\/uploads\/2021\/03\/Captura-de-pantalla-2021-03-29-a-las-16.20.20-768x536.png 768w\" sizes=\"(max-width: 965px) 100vw, 965px\" \/><\/figure><\/li><li class=\"blocks-gallery-item\"><figure><img decoding=\"async\" width=\"960\" height=\"717\" src=\"https:\/\/www.centrocapta.cl\/wp-content\/uploads\/2021\/03\/Captura-de-pantalla-2021-03-29-a-las-16.13.22-1.png\" alt=\"\" data-id=\"1963\" data-full-url=\"https:\/\/www.centrocapta.cl\/wp-content\/uploads\/2021\/03\/Captura-de-pantalla-2021-03-29-a-las-16.13.22-1.png\" data-link=\"https:\/\/www.centrocapta.cl\/?attachment_id=1963\" class=\"wp-image-1963\" srcset=\"https:\/\/www.centrocapta.cl\/wp-content\/uploads\/2021\/03\/Captura-de-pantalla-2021-03-29-a-las-16.13.22-1.png 960w, https:\/\/www.centrocapta.cl\/wp-content\/uploads\/2021\/03\/Captura-de-pantalla-2021-03-29-a-las-16.13.22-1-300x224.png 300w, https:\/\/www.centrocapta.cl\/wp-content\/uploads\/2021\/03\/Captura-de-pantalla-2021-03-29-a-las-16.13.22-1-768x574.png 768w\" sizes=\"(max-width: 960px) 100vw, 960px\" \/><\/figure><\/li><li class=\"blocks-gallery-item\"><figure><img loading=\"lazy\" decoding=\"async\" width=\"949\" height=\"697\" src=\"https:\/\/www.centrocapta.cl\/wp-content\/uploads\/2021\/03\/Captura-de-pantalla-2021-03-29-a-las-16.11.23-2.png\" alt=\"\" data-id=\"1964\" data-full-url=\"https:\/\/www.centrocapta.cl\/wp-content\/uploads\/2021\/03\/Captura-de-pantalla-2021-03-29-a-las-16.11.23-2.png\" data-link=\"https:\/\/www.centrocapta.cl\/?attachment_id=1964\" class=\"wp-image-1964\" srcset=\"https:\/\/www.centrocapta.cl\/wp-content\/uploads\/2021\/03\/Captura-de-pantalla-2021-03-29-a-las-16.11.23-2.png 949w, https:\/\/www.centrocapta.cl\/wp-content\/uploads\/2021\/03\/Captura-de-pantalla-2021-03-29-a-las-16.11.23-2-300x220.png 300w, https:\/\/www.centrocapta.cl\/wp-content\/uploads\/2021\/03\/Captura-de-pantalla-2021-03-29-a-las-16.11.23-2-768x564.png 768w\" sizes=\"(max-width: 949px) 100vw, 949px\" \/><\/figure><\/li><\/ul><\/figure>\n<\/div><\/div>\n\n\n\n<p><\/p>\n\n\n\n<p class=\"has-text-align-right\">31-03-2021<\/p>\n","protected":false},"excerpt":{"rendered":"<p>Se trata de los investigadores Jaime Ortega y Juvenal Letelier, ambos pertenecen al proyecto 6 de nuestro Consorcio. Investigadores del Centro Avanzado para Tecnolog\u00edas del Agua, CAPTA participaron como expositores en el segundo encuentro del Ciclo de Seminarios Quincenales de la Alianza Copernicus\u2013Chile del Centro de Referencia Copernicus. Con dos actividades mensuales, el encuentro invita [&hellip;]<\/p>\n","protected":false},"author":3,"featured_media":1954,"comment_status":"closed","ping_status":"open","sticky":false,"template":"","format":"standard","meta":{"footnotes":""},"categories":[31,28],"tags":[],"class_list":["post-1951","post","type-post","status-publish","format-standard","has-post-thumbnail","hentry","category-noticia","category-seminarios"],"_links":{"self":[{"href":"https:\/\/www.centrocapta.cl\/index.php?rest_route=\/wp\/v2\/posts\/1951","targetHints":{"allow":["GET"]}}],"collection":[{"href":"https:\/\/www.centrocapta.cl\/index.php?rest_route=\/wp\/v2\/posts"}],"about":[{"href":"https:\/\/www.centrocapta.cl\/index.php?rest_route=\/wp\/v2\/types\/post"}],"author":[{"embeddable":true,"href":"https:\/\/www.centrocapta.cl\/index.php?rest_route=\/wp\/v2\/users\/3"}],"replies":[{"embeddable":true,"href":"https:\/\/www.centrocapta.cl\/index.php?rest_route=%2Fwp%2Fv2%2Fcomments&post=1951"}],"version-history":[{"count":7,"href":"https:\/\/www.centrocapta.cl\/index.php?rest_route=\/wp\/v2\/posts\/1951\/revisions"}],"predecessor-version":[{"id":1969,"href":"https:\/\/www.centrocapta.cl\/index.php?rest_route=\/wp\/v2\/posts\/1951\/revisions\/1969"}],"wp:featuredmedia":[{"embeddable":true,"href":"https:\/\/www.centrocapta.cl\/index.php?rest_route=\/wp\/v2\/media\/1954"}],"wp:attachment":[{"href":"https:\/\/www.centrocapta.cl\/index.php?rest_route=%2Fwp%2Fv2%2Fmedia&parent=1951"}],"wp:term":[{"taxonomy":"category","embeddable":true,"href":"https:\/\/www.centrocapta.cl\/index.php?rest_route=%2Fwp%2Fv2%2Fcategories&post=1951"},{"taxonomy":"post_tag","embeddable":true,"href":"https:\/\/www.centrocapta.cl\/index.php?rest_route=%2Fwp%2Fv2%2Ftags&post=1951"}],"curies":[{"name":"wp","href":"https:\/\/api.w.org\/{rel}","templated":true}]}}